{"id":3678,"date":"2019-09-06T14:23:51","date_gmt":"2019-09-06T11:23:51","guid":{"rendered":"http:\/\/evinigiydir.com\/?p=3678"},"modified":"2021-10-09T17:04:00","modified_gmt":"2021-10-09T14:04:00","slug":"kare-salonlara-tasarim-onerileri","status":"publish","type":"post","link":"https:\/\/evinigiydir.com\/index.php\/2019\/09\/06\/kare-salonlara-tasarim-onerileri\/","title":{"rendered":"<!-- Global site tag (gtag.js) - Google Analytics --> <script async src=\"https:\/\/www.googletagmanager.com\/gtag\/js?id=UA-147649432-1\"><\/script> <script>   window.dataLayer = window.dataLayer || [];   function gtag(){dataLayer.push(arguments);}   gtag('js', new Date());   gtag('config', 'UA-147649432-1'); <\/script>Kare Salonlara Tasar\u0131m \u00d6nerileri"},"content":{"rendered":"\n<p>Bana blog hakk\u0131nda gelen \u00e7ok de\u011ferli yorumlardan biri, kare\nsalonlar\u0131n dekorasyonu ile ilgili farkl\u0131 fikirler payla\u015fmam y\u00f6n\u00fcndeydi. Bu\nyaz\u0131da yerle\u015ftirmesi ve mobilya se\u00e7imi zor olan kare salonlar i\u00e7in harika\n\u00f6neriler yazd\u0131k. <\/p>\n\n\n\n<figure class=\"wp-block-image\"><img decoding=\"async\" loading=\"lazy\" width=\"564\" height=\"752\" src=\"http:\/\/evinigiydir.com\/wp-content\/uploads\/2019\/09\/Evini-Giydir_Kare-Salon-\u00d6nerileri-07.jpg\" alt=\"\" class=\"wp-image-3679\" srcset=\"https:\/\/evinigiydir.com\/wp-content\/uploads\/2019\/09\/Evini-Giydir_Kare-Salon-\u00d6nerileri-07.jpg 564w, https:\/\/evinigiydir.com\/wp-content\/uploads\/2019\/09\/Evini-Giydir_Kare-Salon-\u00d6nerileri-07-225x300.jpg 225w\" sizes=\"(max-width: 564px) 100vw, 564px\" \/><\/figure>\n\n\n\n<figure class=\"wp-block-image\"><img decoding=\"async\" loading=\"lazy\" width=\"1024\" height=\"1024\" src=\"http:\/\/evinigiydir.com\/wp-content\/uploads\/2019\/09\/Evini-Giydir_Kare-Salon-Tasar\u0131m\u0131-Plan-01-1024x1024.jpg\" alt=\"\" class=\"wp-image-3680\" srcset=\"https:\/\/evinigiydir.com\/wp-content\/uploads\/2019\/09\/Evini-Giydir_Kare-Salon-Tasar\u0131m\u0131-Plan-01-1024x1024.jpg 1024w, https:\/\/evinigiydir.com\/wp-content\/uploads\/2019\/09\/Evini-Giydir_Kare-Salon-Tasar\u0131m\u0131-Plan-01-150x150.jpg 150w, https:\/\/evinigiydir.com\/wp-content\/uploads\/2019\/09\/Evini-Giydir_Kare-Salon-Tasar\u0131m\u0131-Plan-01-300x300.jpg 300w, https:\/\/evinigiydir.com\/wp-content\/uploads\/2019\/09\/Evini-Giydir_Kare-Salon-Tasar\u0131m\u0131-Plan-01-768x768.jpg 768w, https:\/\/evinigiydir.com\/wp-content\/uploads\/2019\/09\/Evini-Giydir_Kare-Salon-Tasar\u0131m\u0131-Plan-01-1200x1200.jpg 1200w\" sizes=\"(max-width: 1024px) 100vw, 1024px\" \/><\/figure>\n\n\n\n<p>Kare solanlarda yap\u0131lacak en ak\u0131c\u0131 \u00e7\u00f6z\u00fcmlerden biri a\u00e7\u0131k\nplan tipi ile salonu yerle\u015ftirmek. A\u00e7\u0131k plan tipi dedi\u011fiz, mobilyalar\u0131n\nduvarlara yasland\u0131\u011f\u0131 ve orta mek\u00e2n\u0131n olabildi\u011fince a\u00e7\u0131k b\u0131rak\u0131ld\u0131 plan tipi.\nTabi ki bu yerle\u015fim pencerelerinizin yeri ve boyutuna g\u00f6re de\u011fi\u015fiklik\ng\u00f6sterebilir. Fakat a\u00e7\u0131k plan tipi mek\u00e2n\u0131 olabildi\u011fince geni\u015f g\u00f6sterecek bir\nalternatif olacakt\u0131r. <\/p>\n\n\n\n<figure class=\"wp-block-image\"><img decoding=\"async\" loading=\"lazy\" width=\"564\" height=\"752\" src=\"http:\/\/evinigiydir.com\/wp-content\/uploads\/2019\/09\/Evini-Giydir_Kare-Salon-\u00d6nerileri-03.jpg\" alt=\"\" class=\"wp-image-3681\" srcset=\"https:\/\/evinigiydir.com\/wp-content\/uploads\/2019\/09\/Evini-Giydir_Kare-Salon-\u00d6nerileri-03.jpg 564w, https:\/\/evinigiydir.com\/wp-content\/uploads\/2019\/09\/Evini-Giydir_Kare-Salon-\u00d6nerileri-03-225x300.jpg 225w\" sizes=\"(max-width: 564px) 100vw, 564px\" \/><\/figure>\n\n\n\n<figure class=\"wp-block-image\"><img decoding=\"async\" loading=\"lazy\" width=\"563\" height=\"701\" src=\"http:\/\/evinigiydir.com\/wp-content\/uploads\/2019\/09\/Evini-Giydir_Kare-Salon-\u00d6nerileri-11.jpg\" alt=\"\" class=\"wp-image-3682\" srcset=\"https:\/\/evinigiydir.com\/wp-content\/uploads\/2019\/09\/Evini-Giydir_Kare-Salon-\u00d6nerileri-11.jpg 563w, https:\/\/evinigiydir.com\/wp-content\/uploads\/2019\/09\/Evini-Giydir_Kare-Salon-\u00d6nerileri-11-241x300.jpg 241w\" sizes=\"(max-width: 563px) 100vw, 563px\" \/><\/figure>\n\n\n\n<p>Salonunun ne kadar dar olursa olsun, ak\u0131lc\u0131 depolama\nalanlar\u0131 ile mek\u00e2n\u0131 maksimumda kullanabilirsiniz. Mesela TV \u00fcnitesine entegre\nedece\u011finiz puflarla, kalabal\u0131k toplant\u0131larda alternatif oturma alanlar\u0131\nolu\u015fturabilirsiniz. <\/p>\n\n\n\n<figure class=\"wp-block-image\"><img decoding=\"async\" loading=\"lazy\" width=\"1024\" height=\"1024\" src=\"http:\/\/evinigiydir.com\/wp-content\/uploads\/2019\/09\/Evini-Giydir_Kare-Salon-Tasar\u0131m\u0131-Plan-02-1024x1024.jpg\" alt=\"\" class=\"wp-image-3683\" srcset=\"https:\/\/evinigiydir.com\/wp-content\/uploads\/2019\/09\/Evini-Giydir_Kare-Salon-Tasar\u0131m\u0131-Plan-02-1024x1024.jpg 1024w, https:\/\/evinigiydir.com\/wp-content\/uploads\/2019\/09\/Evini-Giydir_Kare-Salon-Tasar\u0131m\u0131-Plan-02-150x150.jpg 150w, https:\/\/evinigiydir.com\/wp-content\/uploads\/2019\/09\/Evini-Giydir_Kare-Salon-Tasar\u0131m\u0131-Plan-02-300x300.jpg 300w, https:\/\/evinigiydir.com\/wp-content\/uploads\/2019\/09\/Evini-Giydir_Kare-Salon-Tasar\u0131m\u0131-Plan-02-768x768.jpg 768w, https:\/\/evinigiydir.com\/wp-content\/uploads\/2019\/09\/Evini-Giydir_Kare-Salon-Tasar\u0131m\u0131-Plan-02-1200x1200.jpg 1200w\" sizes=\"(max-width: 1024px) 100vw, 1024px\" \/><\/figure>\n\n\n\n<figure class=\"wp-block-image\"><img decoding=\"async\" loading=\"lazy\" width=\"564\" height=\"705\" src=\"http:\/\/evinigiydir.com\/wp-content\/uploads\/2019\/09\/Evini-Giydir_Kare-Salon-\u00d6nerileri-01.jpg\" alt=\"\" class=\"wp-image-3684\" srcset=\"https:\/\/evinigiydir.com\/wp-content\/uploads\/2019\/09\/Evini-Giydir_Kare-Salon-\u00d6nerileri-01.jpg 564w, https:\/\/evinigiydir.com\/wp-content\/uploads\/2019\/09\/Evini-Giydir_Kare-Salon-\u00d6nerileri-01-240x300.jpg 240w\" sizes=\"(max-width: 564px) 100vw, 564px\" \/><\/figure>\n\n\n\n<p>Di\u011fer bir p\u00fcf nokta b\u00fcfe ve konsollar kullanarak, farkl\u0131\nodak noktalar\u0131 olu\u015fturmak. Odak noktalar\u0131 g\u00f6z\u00fc bir noktaya odaklad\u0131\u011f\u0131 i\u00e7in mek\u00e2nlar\u0131\ndaha geni\u015f g\u00f6stermemize yard\u0131mc\u0131 oluyor. TV \u00fcnitesi veya duvara ast\u0131\u011f\u0131n\u0131z\nfarkl\u0131 dekorlar ile bu odak noktalar\u0131n\u0131 olu\u015fturabilirsiniz. <\/p>\n\n\n\n<figure class=\"wp-block-image\"><img decoding=\"async\" loading=\"lazy\" width=\"1024\" height=\"1009\" src=\"http:\/\/evinigiydir.com\/wp-content\/uploads\/2019\/09\/Evini-Giydir_Kare-Salon-Tasar\u0131m\u0131-Plan-03-1024x1009.jpg\" alt=\"\" class=\"wp-image-3685\" srcset=\"https:\/\/evinigiydir.com\/wp-content\/uploads\/2019\/09\/Evini-Giydir_Kare-Salon-Tasar\u0131m\u0131-Plan-03-1024x1009.jpg 1024w, https:\/\/evinigiydir.com\/wp-content\/uploads\/2019\/09\/Evini-Giydir_Kare-Salon-Tasar\u0131m\u0131-Plan-03-300x296.jpg 300w, https:\/\/evinigiydir.com\/wp-content\/uploads\/2019\/09\/Evini-Giydir_Kare-Salon-Tasar\u0131m\u0131-Plan-03-768x757.jpg 768w, https:\/\/evinigiydir.com\/wp-content\/uploads\/2019\/09\/Evini-Giydir_Kare-Salon-Tasar\u0131m\u0131-Plan-03-1200x1182.jpg 1200w, https:\/\/evinigiydir.com\/wp-content\/uploads\/2019\/09\/Evini-Giydir_Kare-Salon-Tasar\u0131m\u0131-Plan-03.jpg 1819w\" sizes=\"(max-width: 1024px) 100vw, 1024px\" \/><\/figure>\n\n\n\n<figure class=\"wp-block-image\"><img decoding=\"async\" loading=\"lazy\" width=\"564\" height=\"705\" src=\"http:\/\/evinigiydir.com\/wp-content\/uploads\/2019\/09\/Evini-Giydir_Kare-Salon-\u00d6nerileri-04.jpg\" alt=\"\" class=\"wp-image-3686\" srcset=\"https:\/\/evinigiydir.com\/wp-content\/uploads\/2019\/09\/Evini-Giydir_Kare-Salon-\u00d6nerileri-04.jpg 564w, https:\/\/evinigiydir.com\/wp-content\/uploads\/2019\/09\/Evini-Giydir_Kare-Salon-\u00d6nerileri-04-240x300.jpg 240w\" sizes=\"(max-width: 564px) 100vw, 564px\" \/><\/figure>\n\n\n\n<p>Dar alanlar i\u00e7in yuvarlak masa kullan\u0131m\u0131 yine mek\u00e2n\u0131 daha kompakt\ng\u00f6sterece\u011finden sizin en iyi dostunuz olabilir. Odan\u0131n k\u00f6\u015felerine vurguyu\nazaltaca\u011f\u0131 i\u00e7in daha dinamik bir mek\u00e2n alg\u0131s\u0131 olu\u015fturman\u0131za bir hayli fayda\nsa\u011flayacakt\u0131r. <\/p>\n\n\n\n<figure class=\"wp-block-image\"><img decoding=\"async\" loading=\"lazy\" width=\"563\" height=\"376\" src=\"http:\/\/evinigiydir.com\/wp-content\/uploads\/2019\/09\/Evini-Giydir_Kare-Salon-\u00d6nerileri-06.jpg\" alt=\"\" class=\"wp-image-3687\" srcset=\"https:\/\/evinigiydir.com\/wp-content\/uploads\/2019\/09\/Evini-Giydir_Kare-Salon-\u00d6nerileri-06.jpg 563w, https:\/\/evinigiydir.com\/wp-content\/uploads\/2019\/09\/Evini-Giydir_Kare-Salon-\u00d6nerileri-06-300x200.jpg 300w\" sizes=\"(max-width: 563px) 100vw, 563px\" \/><\/figure>\n\n\n\n<figure class=\"wp-block-image\"><img decoding=\"async\" loading=\"lazy\" width=\"564\" height=\"564\" src=\"http:\/\/evinigiydir.com\/wp-content\/uploads\/2019\/09\/Evini-Giydir_Kare-Salon-\u00d6nerileri-08.jpg\" alt=\"\" class=\"wp-image-3688\" srcset=\"https:\/\/evinigiydir.com\/wp-content\/uploads\/2019\/09\/Evini-Giydir_Kare-Salon-\u00d6nerileri-08.jpg 564w, https:\/\/evinigiydir.com\/wp-content\/uploads\/2019\/09\/Evini-Giydir_Kare-Salon-\u00d6nerileri-08-150x150.jpg 150w, https:\/\/evinigiydir.com\/wp-content\/uploads\/2019\/09\/Evini-Giydir_Kare-Salon-\u00d6nerileri-08-300x300.jpg 300w\" sizes=\"(max-width: 564px) 100vw, 564px\" \/><\/figure>\n\n\n\n<p>Pencere oryantasyonundan dolay\u0131 a\u00e7\u0131k plan tipi kullanam\u0131yor\niseniz, kanepe se\u00e7imini ufaltarak mek\u00e2n\u0131 koltuk yerle\u015fimi ile ikiye\nb\u00f6lebilirsiniz. Bu durum hacmi daha uzun alg\u0131lamam\u0131z\u0131 sa\u011flayacakt\u0131r. Di\u011fer bir\nalternatif olarak tekli koltuklarla kendi oturma d\u00fczeninizi olu\u015fturman\u0131zda\nm\u00fcmk\u00fcn. Birbiri ile farkl\u0131 \u015fekillerde birle\u015ferek detay olu\u015fturan koltuklar ufak\nhacimlerde \u00e7ok iyi sonu\u00e7lar verebiliyor. <\/p>\n\n\n\n<figure class=\"wp-block-image\"><img decoding=\"async\" loading=\"lazy\" width=\"1024\" height=\"1009\" src=\"http:\/\/evinigiydir.com\/wp-content\/uploads\/2019\/09\/Evini-Giydir_Kare-Salon-Tasar\u0131m\u0131-Plan-04-1024x1009.jpg\" alt=\"\" class=\"wp-image-3689\" srcset=\"https:\/\/evinigiydir.com\/wp-content\/uploads\/2019\/09\/Evini-Giydir_Kare-Salon-Tasar\u0131m\u0131-Plan-04-1024x1009.jpg 1024w, https:\/\/evinigiydir.com\/wp-content\/uploads\/2019\/09\/Evini-Giydir_Kare-Salon-Tasar\u0131m\u0131-Plan-04-300x296.jpg 300w, https:\/\/evinigiydir.com\/wp-content\/uploads\/2019\/09\/Evini-Giydir_Kare-Salon-Tasar\u0131m\u0131-Plan-04-768x757.jpg 768w, https:\/\/evinigiydir.com\/wp-content\/uploads\/2019\/09\/Evini-Giydir_Kare-Salon-Tasar\u0131m\u0131-Plan-04-1200x1182.jpg 1200w, https:\/\/evinigiydir.com\/wp-content\/uploads\/2019\/09\/Evini-Giydir_Kare-Salon-Tasar\u0131m\u0131-Plan-04.jpg 1819w\" sizes=\"(max-width: 1024px) 100vw, 1024px\" \/><\/figure>\n\n\n\n<figure class=\"wp-block-image\"><img decoding=\"async\" loading=\"lazy\" width=\"980\" height=\"490\" src=\"http:\/\/evinigiydir.com\/wp-content\/uploads\/2019\/09\/Evini-Giydir_Kare-Salon-\u00d6nerileri-13.jpg\" alt=\"\" class=\"wp-image-3690\" srcset=\"https:\/\/evinigiydir.com\/wp-content\/uploads\/2019\/09\/Evini-Giydir_Kare-Salon-\u00d6nerileri-13.jpg 980w, https:\/\/evinigiydir.com\/wp-content\/uploads\/2019\/09\/Evini-Giydir_Kare-Salon-\u00d6nerileri-13-300x150.jpg 300w, https:\/\/evinigiydir.com\/wp-content\/uploads\/2019\/09\/Evini-Giydir_Kare-Salon-\u00d6nerileri-13-768x384.jpg 768w\" sizes=\"(max-width: 980px) 100vw, 980px\" \/><figcaption>canape vimle ikea Nouveau Images 22 Unique Canape Vallentuna Ikea<\/figcaption><\/figure>\n\n\n\n<p>Mobilyalar\u0131n\u0131z\u0131 yerle\u015ftirdikten sonra en \u00f6nemli noktalardan\nbiri duvarlar\u0131n\u0131 giydirmek. Salonunuzun duvarlar\u0131na ne kadar karakter\nkatarsan\u0131z o kadar sempatik bir alan olu\u015fturacaks\u0131n\u0131z. <\/p>\n\n\n\n<ul class=\"wp-block-gallery columns-2 is-cropped wp-block-gallery-1 is-layout-flex\"><li class=\"blocks-gallery-item\"><figure><img decoding=\"async\" loading=\"lazy\" width=\"563\" height=\"697\" src=\"http:\/\/evinigiydir.com\/wp-content\/uploads\/2019\/09\/Evini-Giydir_Kare-Salon-\u00d6nerileri-12-1.jpg\" alt=\"\" data-id=\"3692\" data-link=\"http:\/\/evinigiydir.com\/?attachment_id=3692\" class=\"wp-image-3692\" srcset=\"https:\/\/evinigiydir.com\/wp-content\/uploads\/2019\/09\/Evini-Giydir_Kare-Salon-\u00d6nerileri-12-1.jpg 563w, https:\/\/evinigiydir.com\/wp-content\/uploads\/2019\/09\/Evini-Giydir_Kare-Salon-\u00d6nerileri-12-1-242x300.jpg 242w\" sizes=\"(max-width: 563px) 100vw, 563px\" \/><\/figure><\/li><li class=\"blocks-gallery-item\"><figure><img decoding=\"async\" loading=\"lazy\" width=\"564\" height=\"721\" src=\"http:\/\/evinigiydir.com\/wp-content\/uploads\/2019\/09\/Evini-Giydir_Kare-Salon-\u00d6nerileri-02.jpg\" alt=\"\" data-id=\"3693\" data-link=\"http:\/\/evinigiydir.com\/?attachment_id=3693\" class=\"wp-image-3693\" srcset=\"https:\/\/evinigiydir.com\/wp-content\/uploads\/2019\/09\/Evini-Giydir_Kare-Salon-\u00d6nerileri-02.jpg 564w, https:\/\/evinigiydir.com\/wp-content\/uploads\/2019\/09\/Evini-Giydir_Kare-Salon-\u00d6nerileri-02-235x300.jpg 235w\" sizes=\"(max-width: 564px) 100vw, 564px\" \/><\/figure><\/li><\/ul>\n\n\n\n<p>Kare salonlar belki planlama a\u00e7\u0131s\u0131ndan zor olsa da, her \u015fey\nyerli yerine yerle\u015ftikten sonra olduk\u00e7a s\u0131cak ve keyifli mek\u00e2nlara d\u00f6n\u00fc\u015f\u00fcrler.\nUmar\u0131m bu yaz\u0131 sizin i\u00e7in ilham kayna\u011f\u0131 olabilmi\u015ftir. <\/p>\n\n\n\n<p>Sevgilerimle,<\/p>\n\n\n\n<p>M <\/p>\n","protected":false},"excerpt":{"rendered":"<p>Bana blog hakk\u0131nda gelen \u00e7ok de\u011ferli yorumlardan biri, kare salonlar\u0131n dekorasyonu ile ilgili farkl\u0131 fikirler payla\u015fmam y\u00f6n\u00fcndeydi. Bu yaz\u0131da yerle\u015ftirmesi ve mobilya se\u00e7imi zor olan kare salonlar i\u00e7in harika \u00f6neriler yazd\u0131k. Kare solanlarda yap\u0131lacak en ak\u0131c\u0131 \u00e7\u00f6z\u00fcmlerden biri a\u00e7\u0131k plan tipi ile salonu yerle\u015ftirmek. A\u00e7\u0131k plan tipi dedi\u011fiz, mobilyalar\u0131n duvarlara yasland\u0131\u011f\u0131 ve orta mek\u00e2n\u0131n olabildi\u011fince a\u00e7\u0131k b\u0131rak\u0131ld\u0131 plan tipi. Tabi ki bu yerle\u015fim pencerelerinizin yeri ve boyutuna g\u00f6re de\u011fi\u015fiklik g\u00f6sterebilir. Fakat a\u00e7\u0131k plan tipi mek\u00e2n\u0131 olabildi\u011fince geni\u015f g\u00f6sterecek bir alternatif olacakt\u0131r. Salonunun ne kadar dar olursa olsun, ak\u0131lc\u0131 depolama alanlar\u0131 ile mek\u00e2n\u0131 maksimumda kullanabilirsiniz. Mesela TV \u00fcnitesine entegre edece\u011finiz puflarla, kalabal\u0131k toplant\u0131larda alternatif oturma alanlar\u0131 olu\u015fturabilirsiniz. Di\u011fer bir p\u00fcf nokta b\u00fcfe ve konsollar kullanarak, farkl\u0131 odak noktalar\u0131 olu\u015fturmak. Odak noktalar\u0131 g\u00f6z\u00fc bir noktaya odaklad\u0131\u011f\u0131 i\u00e7in mek\u00e2nlar\u0131 daha geni\u015f g\u00f6stermemize yard\u0131mc\u0131 oluyor. TV \u00fcnitesi veya duvara ast\u0131\u011f\u0131n\u0131z farkl\u0131 dekorlar ile bu odak noktalar\u0131n\u0131 olu\u015fturabilirsiniz. Dar alanlar i\u00e7in yuvarlak masa kullan\u0131m\u0131 yine mek\u00e2n\u0131 daha kompakt g\u00f6sterece\u011finden sizin en iyi dostunuz olabilir. Odan\u0131n k\u00f6\u015felerine vurguyu azaltaca\u011f\u0131 i\u00e7in daha dinamik bir mek\u00e2n alg\u0131s\u0131 olu\u015fturman\u0131za bir hayli fayda sa\u011flayacakt\u0131r. Pencere oryantasyonundan dolay\u0131 a\u00e7\u0131k plan tipi kullanam\u0131yor iseniz, kanepe se\u00e7imini ufaltarak mek\u00e2n\u0131 koltuk yerle\u015fimi ile ikiye b\u00f6lebilirsiniz. Bu durum hacmi daha uzun alg\u0131lamam\u0131z\u0131 sa\u011flayacakt\u0131r. Di\u011fer bir alternatif olarak tekli koltuklarla kendi oturma d\u00fczeninizi olu\u015fturman\u0131zda m\u00fcmk\u00fcn. Birbiri ile farkl\u0131 \u015fekillerde birle\u015ferek detay olu\u015fturan koltuklar ufak hacimlerde \u00e7ok iyi sonu\u00e7lar verebiliyor. Mobilyalar\u0131n\u0131z\u0131 yerle\u015ftirdikten sonra en \u00f6nemli noktalardan biri duvarlar\u0131n\u0131 giydirmek. Salonunuzun duvarlar\u0131na ne kadar karakter katarsan\u0131z o kadar sempatik bir alan olu\u015fturacaks\u0131n\u0131z. Kare salonlar belki planlama a\u00e7\u0131s\u0131ndan zor olsa da, her \u015fey yerli yerine yerle\u015ftikten sonra olduk\u00e7a s\u0131cak ve keyifli mek\u00e2nlara d\u00f6n\u00fc\u015f\u00fcrler. Umar\u0131m bu yaz\u0131 sizin i\u00e7in ilham kayna\u011f\u0131 olabilmi\u015ftir. Sevgilerimle, M<\/p>\n","protected":false},"author":2,"featured_media":3694,"comment_status":"closed","ping_status":"open","sticky":false,"template":"","format":"standard","meta":[],"categories":[42],"tags":[],"post_mailing_queue_ids":[],"_links":{"self":[{"href":"https:\/\/evinigiydir.com\/index.php\/wp-json\/wp\/v2\/posts\/3678"}],"collection":[{"href":"https:\/\/evinigiydir.com\/index.php\/wp-json\/wp\/v2\/posts"}],"about":[{"href":"https:\/\/evinigiydir.com\/index.php\/wp-json\/wp\/v2\/types\/post"}],"author":[{"embeddable":true,"href":"https:\/\/evinigiydir.com\/index.php\/wp-json\/wp\/v2\/users\/2"}],"replies":[{"embeddable":true,"href":"https:\/\/evinigiydir.com\/index.php\/wp-json\/wp\/v2\/comments?post=3678"}],"version-history":[{"count":2,"href":"https:\/\/evinigiydir.com\/index.php\/wp-json\/wp\/v2\/posts\/3678\/revisions"}],"predecessor-version":[{"id":3696,"href":"https:\/\/evinigiydir.com\/index.php\/wp-json\/wp\/v2\/posts\/3678\/revisions\/3696"}],"wp:featuredmedia":[{"embeddable":true,"href":"https:\/\/evinigiydir.com\/index.php\/wp-json\/wp\/v2\/media\/3694"}],"wp:attachment":[{"href":"https:\/\/evinigiydir.com\/index.php\/wp-json\/wp\/v2\/media?parent=3678"}],"wp:term":[{"taxonomy":"category","embeddable":true,"href":"https:\/\/evinigiydir.com\/index.php\/wp-json\/wp\/v2\/categories?post=3678"},{"taxonomy":"post_tag","embeddable":true,"href":"https:\/\/evinigiydir.com\/index.php\/wp-json\/wp\/v2\/tags?post=3678"}],"curies":[{"name":"wp","href":"https:\/\/api.w.org\/{rel}","templated":true}]}}