{"id":2220,"date":"2018-05-25T17:46:28","date_gmt":"2018-05-25T14:46:28","guid":{"rendered":"http:\/\/evinigiydir.com\/?p=2220"},"modified":"2021-10-09T17:03:40","modified_gmt":"2021-10-09T14:03:40","slug":"balkon-zamani-nese-zamani","status":"publish","type":"post","link":"https:\/\/evinigiydir.com\/index.php\/2018\/05\/25\/balkon-zamani-nese-zamani\/","title":{"rendered":"BALKON ZAMANI, NE\u015eE ZAMANI"},"content":{"rendered":"<p>Sizi bilmem ama ben art\u0131k g\u00fczel bir piknik zaman\u0131 i\u00e7in haz\u0131r\u0131m. Havalar \u00e7amur gibi ve ben art\u0131k bundan \u00e7ok s\u0131k\u0131ld\u0131m\u2026 Temiz hava ve ne\u015feli battaniyeler ve biraz deniz havas\u0131 tam da ihtiyac\u0131m olan \u015fey.<\/p>\n<p><img decoding=\"async\" loading=\"lazy\" class=\"alignnone wp-image-2226 size-large\" src=\"http:\/\/evinigiydir.com\/wp-content\/uploads\/2018\/05\/Evini-Giydir_Balkon-Zaman\u0131-04-683x1024.jpg\" alt=\"\" width=\"683\" height=\"1024\" srcset=\"https:\/\/evinigiydir.com\/wp-content\/uploads\/2018\/05\/Evini-Giydir_Balkon-Zaman\u0131-04-683x1024.jpg 683w, https:\/\/evinigiydir.com\/wp-content\/uploads\/2018\/05\/Evini-Giydir_Balkon-Zaman\u0131-04-600x900.jpg 600w, https:\/\/evinigiydir.com\/wp-content\/uploads\/2018\/05\/Evini-Giydir_Balkon-Zaman\u0131-04-200x300.jpg 200w, https:\/\/evinigiydir.com\/wp-content\/uploads\/2018\/05\/Evini-Giydir_Balkon-Zaman\u0131-04-768x1152.jpg 768w\" sizes=\"(max-width: 683px) 100vw, 683px\" \/> <img decoding=\"async\" loading=\"lazy\" class=\"alignnone wp-image-2224 size-large\" src=\"http:\/\/evinigiydir.com\/wp-content\/uploads\/2018\/05\/Evini-Giydir_Balkon-Zaman\u0131-02-681x1024.jpg\" alt=\"\" width=\"681\" height=\"1024\" srcset=\"https:\/\/evinigiydir.com\/wp-content\/uploads\/2018\/05\/Evini-Giydir_Balkon-Zaman\u0131-02-681x1024.jpg 681w, https:\/\/evinigiydir.com\/wp-content\/uploads\/2018\/05\/Evini-Giydir_Balkon-Zaman\u0131-02-600x902.jpg 600w, https:\/\/evinigiydir.com\/wp-content\/uploads\/2018\/05\/Evini-Giydir_Balkon-Zaman\u0131-02-200x300.jpg 200w, https:\/\/evinigiydir.com\/wp-content\/uploads\/2018\/05\/Evini-Giydir_Balkon-Zaman\u0131-02-768x1154.jpg 768w\" sizes=\"(max-width: 681px) 100vw, 681px\" \/><\/p>\n<p>\u0130\u015fte bu d\u00fc\u015f\u00fcncelerle, Target firmas\u0131n\u0131n yeni bah\u00e7e koleksiyonuna rastlad\u0131m. Kendi koleksiyonlar\u0131 ile olu\u015fturduklar\u0131 keyifli balkon ve bah\u00e7e d\u00fczenlemelerine bay\u0131ld\u0131m. \u0130\u015fte tam olarak ihtiyac\u0131m olan b\u00f6yle bir balkonda bir limonata i\u00e7mek. Bir sonraki payla\u015f\u0131m\u0131m limonatalarla ilgili olacak heralde, bu aralar piknik ile ilgili ne varsa onlar\u0131 okuyorum malum.<\/p>\n<p><img decoding=\"async\" loading=\"lazy\" class=\"alignnone wp-image-2223 size-large\" src=\"http:\/\/evinigiydir.com\/wp-content\/uploads\/2018\/05\/Evini-Giydir_Balkon-Zaman\u0131-01-1024x683.jpg\" alt=\"\" width=\"1024\" height=\"683\" srcset=\"https:\/\/evinigiydir.com\/wp-content\/uploads\/2018\/05\/Evini-Giydir_Balkon-Zaman\u0131-01-1024x683.jpg 1024w, https:\/\/evinigiydir.com\/wp-content\/uploads\/2018\/05\/Evini-Giydir_Balkon-Zaman\u0131-01-600x400.jpg 600w, https:\/\/evinigiydir.com\/wp-content\/uploads\/2018\/05\/Evini-Giydir_Balkon-Zaman\u0131-01-300x200.jpg 300w, https:\/\/evinigiydir.com\/wp-content\/uploads\/2018\/05\/Evini-Giydir_Balkon-Zaman\u0131-01-768x512.jpg 768w, https:\/\/evinigiydir.com\/wp-content\/uploads\/2018\/05\/Evini-Giydir_Balkon-Zaman\u0131-01-700x466.jpg 700w\" sizes=\"(max-width: 1024px) 100vw, 1024px\" \/> <img decoding=\"async\" loading=\"lazy\" class=\"alignnone wp-image-2225 size-large\" src=\"http:\/\/evinigiydir.com\/wp-content\/uploads\/2018\/05\/Evini-Giydir_Balkon-Zaman\u0131-03-683x1024.jpg\" alt=\"\" width=\"683\" height=\"1024\" srcset=\"https:\/\/evinigiydir.com\/wp-content\/uploads\/2018\/05\/Evini-Giydir_Balkon-Zaman\u0131-03-683x1024.jpg 683w, https:\/\/evinigiydir.com\/wp-content\/uploads\/2018\/05\/Evini-Giydir_Balkon-Zaman\u0131-03-600x900.jpg 600w, https:\/\/evinigiydir.com\/wp-content\/uploads\/2018\/05\/Evini-Giydir_Balkon-Zaman\u0131-03-200x300.jpg 200w, https:\/\/evinigiydir.com\/wp-content\/uploads\/2018\/05\/Evini-Giydir_Balkon-Zaman\u0131-03-768x1152.jpg 768w\" sizes=\"(max-width: 683px) 100vw, 683px\" \/> <img decoding=\"async\" loading=\"lazy\" class=\"alignnone wp-image-2227 size-large\" src=\"http:\/\/evinigiydir.com\/wp-content\/uploads\/2018\/05\/Evini-Giydir_Balkon-Zaman\u0131-05-1024x707.jpg\" alt=\"\" width=\"1024\" height=\"707\" srcset=\"https:\/\/evinigiydir.com\/wp-content\/uploads\/2018\/05\/Evini-Giydir_Balkon-Zaman\u0131-05-1024x707.jpg 1024w, https:\/\/evinigiydir.com\/wp-content\/uploads\/2018\/05\/Evini-Giydir_Balkon-Zaman\u0131-05-600x414.jpg 600w, https:\/\/evinigiydir.com\/wp-content\/uploads\/2018\/05\/Evini-Giydir_Balkon-Zaman\u0131-05-300x207.jpg 300w, https:\/\/evinigiydir.com\/wp-content\/uploads\/2018\/05\/Evini-Giydir_Balkon-Zaman\u0131-05-768x530.jpg 768w\" sizes=\"(max-width: 1024px) 100vw, 1024px\" \/><\/p>\n<p>Siyah Beyaz balkon ve teras konseptine bay\u0131ld\u0131\u011f\u0131m\u0131 s\u00f6ylemem gerekmiyor herh\u00e2lde. Normalde renkli yast\u0131klar\u0131 seven biri olarak, bu detaylar\u0131n sakinli\u011fine ve vuruculu\u011funa bay\u0131ld\u0131m. Genel olarak her balkon ve teras alan\u0131nda yap\u0131lacak en ak\u0131ll\u0131ca i\u015f, dekore edebildi\u011finiz kadar dekore etmek ve gereksiz ve pasl\u0131 objeleri ortamdan kald\u0131rmak. Ve tabi ki mumlar ve ayd\u0131nlatma ortam\u0131n havas\u0131n\u0131 tamamen de\u011fi\u015ftirecektir.<\/p>\n<p><img decoding=\"async\" loading=\"lazy\" class=\"alignnone wp-image-2228 size-large\" src=\"http:\/\/evinigiydir.com\/wp-content\/uploads\/2018\/05\/Evini-Giydir_Balkon-Zaman\u0131-06-683x1024.jpg\" alt=\"\" width=\"683\" height=\"1024\" srcset=\"https:\/\/evinigiydir.com\/wp-content\/uploads\/2018\/05\/Evini-Giydir_Balkon-Zaman\u0131-06-683x1024.jpg 683w, https:\/\/evinigiydir.com\/wp-content\/uploads\/2018\/05\/Evini-Giydir_Balkon-Zaman\u0131-06-600x900.jpg 600w, https:\/\/evinigiydir.com\/wp-content\/uploads\/2018\/05\/Evini-Giydir_Balkon-Zaman\u0131-06-200x300.jpg 200w, https:\/\/evinigiydir.com\/wp-content\/uploads\/2018\/05\/Evini-Giydir_Balkon-Zaman\u0131-06-768x1152.jpg 768w\" sizes=\"(max-width: 683px) 100vw, 683px\" \/> <img decoding=\"async\" loading=\"lazy\" class=\"alignnone wp-image-2229 size-large\" src=\"http:\/\/evinigiydir.com\/wp-content\/uploads\/2018\/05\/Evini-Giydir_Balkon-Zaman\u0131-07-683x1024.jpg\" alt=\"\" width=\"683\" height=\"1024\" srcset=\"https:\/\/evinigiydir.com\/wp-content\/uploads\/2018\/05\/Evini-Giydir_Balkon-Zaman\u0131-07-683x1024.jpg 683w, https:\/\/evinigiydir.com\/wp-content\/uploads\/2018\/05\/Evini-Giydir_Balkon-Zaman\u0131-07-600x900.jpg 600w, https:\/\/evinigiydir.com\/wp-content\/uploads\/2018\/05\/Evini-Giydir_Balkon-Zaman\u0131-07-200x300.jpg 200w, https:\/\/evinigiydir.com\/wp-content\/uploads\/2018\/05\/Evini-Giydir_Balkon-Zaman\u0131-07-768x1152.jpg 768w\" sizes=\"(max-width: 683px) 100vw, 683px\" \/><\/p>\n<p>Benzer detaylarla olu\u015fturulan sofra konsepti, tepedeki lambader ile \u00e7ok keyifli bir g\u00f6r\u00fcnt\u00fc olu\u015fturmu\u015f. \u00dcstelik softaya biberiye, fesle\u011fen ve kekik gibi yenebilir ye\u015fillikler koyma fikri s\u00fcper olmu\u015f.<\/p>\n<p><img decoding=\"async\" loading=\"lazy\" class=\"alignnone wp-image-2230 size-large\" src=\"http:\/\/evinigiydir.com\/wp-content\/uploads\/2018\/05\/Evini-Giydir_Balkon-Zaman\u0131-08-683x1024.jpg\" alt=\"\" width=\"683\" height=\"1024\" srcset=\"https:\/\/evinigiydir.com\/wp-content\/uploads\/2018\/05\/Evini-Giydir_Balkon-Zaman\u0131-08-683x1024.jpg 683w, https:\/\/evinigiydir.com\/wp-content\/uploads\/2018\/05\/Evini-Giydir_Balkon-Zaman\u0131-08-600x900.jpg 600w, https:\/\/evinigiydir.com\/wp-content\/uploads\/2018\/05\/Evini-Giydir_Balkon-Zaman\u0131-08-200x300.jpg 200w, https:\/\/evinigiydir.com\/wp-content\/uploads\/2018\/05\/Evini-Giydir_Balkon-Zaman\u0131-08-768x1152.jpg 768w\" sizes=\"(max-width: 683px) 100vw, 683px\" \/> <img decoding=\"async\" loading=\"lazy\" class=\"alignnone wp-image-2231 size-large\" src=\"http:\/\/evinigiydir.com\/wp-content\/uploads\/2018\/05\/Evini-Giydir_Balkon-Zaman\u0131-09-681x1024.jpg\" alt=\"\" width=\"681\" height=\"1024\" srcset=\"https:\/\/evinigiydir.com\/wp-content\/uploads\/2018\/05\/Evini-Giydir_Balkon-Zaman\u0131-09-681x1024.jpg 681w, https:\/\/evinigiydir.com\/wp-content\/uploads\/2018\/05\/Evini-Giydir_Balkon-Zaman\u0131-09-600x902.jpg 600w, https:\/\/evinigiydir.com\/wp-content\/uploads\/2018\/05\/Evini-Giydir_Balkon-Zaman\u0131-09-200x300.jpg 200w, https:\/\/evinigiydir.com\/wp-content\/uploads\/2018\/05\/Evini-Giydir_Balkon-Zaman\u0131-09-768x1154.jpg 768w\" sizes=\"(max-width: 681px) 100vw, 681px\" \/> <img decoding=\"async\" loading=\"lazy\" class=\"alignnone wp-image-2232 size-large\" src=\"http:\/\/evinigiydir.com\/wp-content\/uploads\/2018\/05\/Evini-Giydir_Balkon-Zaman\u0131-10-681x1024.jpg\" alt=\"\" width=\"681\" height=\"1024\" srcset=\"https:\/\/evinigiydir.com\/wp-content\/uploads\/2018\/05\/Evini-Giydir_Balkon-Zaman\u0131-10-681x1024.jpg 681w, https:\/\/evinigiydir.com\/wp-content\/uploads\/2018\/05\/Evini-Giydir_Balkon-Zaman\u0131-10-600x902.jpg 600w, https:\/\/evinigiydir.com\/wp-content\/uploads\/2018\/05\/Evini-Giydir_Balkon-Zaman\u0131-10-200x300.jpg 200w, https:\/\/evinigiydir.com\/wp-content\/uploads\/2018\/05\/Evini-Giydir_Balkon-Zaman\u0131-10-768x1154.jpg 768w\" sizes=\"(max-width: 681px) 100vw, 681px\" \/><\/p>\n<p>Son olarak, benim ki\u015fisel zevklerime daha uygun reng\u00e2renk, eklektik bir piknik vahas\u0131 konsepti ile kar\u015f\u0131n\u0131zday\u0131m. Tam olarak hayallini kurdu\u011fum piknik i\u015fte bu\u2026 Yerde renkli kilimler, sal\u0131ncak, yer softas\u0131 ve keyifli puflar.. daha ne olabilir ki\u2026<\/p>\n<p><img decoding=\"async\" loading=\"lazy\" class=\"alignnone wp-image-2235 size-large\" src=\"http:\/\/evinigiydir.com\/wp-content\/uploads\/2018\/05\/Evini-Giydir_Balkon-Zaman\u0131-13-683x1024.jpg\" alt=\"\" width=\"683\" height=\"1024\" srcset=\"https:\/\/evinigiydir.com\/wp-content\/uploads\/2018\/05\/Evini-Giydir_Balkon-Zaman\u0131-13-683x1024.jpg 683w, https:\/\/evinigiydir.com\/wp-content\/uploads\/2018\/05\/Evini-Giydir_Balkon-Zaman\u0131-13-600x900.jpg 600w, https:\/\/evinigiydir.com\/wp-content\/uploads\/2018\/05\/Evini-Giydir_Balkon-Zaman\u0131-13-200x300.jpg 200w, https:\/\/evinigiydir.com\/wp-content\/uploads\/2018\/05\/Evini-Giydir_Balkon-Zaman\u0131-13-768x1152.jpg 768w\" sizes=\"(max-width: 683px) 100vw, 683px\" \/> <img decoding=\"async\" loading=\"lazy\" class=\"alignnone wp-image-2234 size-large\" src=\"http:\/\/evinigiydir.com\/wp-content\/uploads\/2018\/05\/Evini-Giydir_Balkon-Zaman\u0131-12-681x1024.jpg\" alt=\"\" width=\"681\" height=\"1024\" srcset=\"https:\/\/evinigiydir.com\/wp-content\/uploads\/2018\/05\/Evini-Giydir_Balkon-Zaman\u0131-12-681x1024.jpg 681w, https:\/\/evinigiydir.com\/wp-content\/uploads\/2018\/05\/Evini-Giydir_Balkon-Zaman\u0131-12-600x902.jpg 600w, https:\/\/evinigiydir.com\/wp-content\/uploads\/2018\/05\/Evini-Giydir_Balkon-Zaman\u0131-12-200x300.jpg 200w, https:\/\/evinigiydir.com\/wp-content\/uploads\/2018\/05\/Evini-Giydir_Balkon-Zaman\u0131-12-768x1154.jpg 768w\" sizes=\"(max-width: 681px) 100vw, 681px\" \/> <img decoding=\"async\" loading=\"lazy\" class=\"alignnone wp-image-2233 size-large\" src=\"http:\/\/evinigiydir.com\/wp-content\/uploads\/2018\/05\/Evini-Giydir_Balkon-Zaman\u0131-11-681x1024.jpg\" alt=\"\" width=\"681\" height=\"1024\" srcset=\"https:\/\/evinigiydir.com\/wp-content\/uploads\/2018\/05\/Evini-Giydir_Balkon-Zaman\u0131-11-681x1024.jpg 681w, https:\/\/evinigiydir.com\/wp-content\/uploads\/2018\/05\/Evini-Giydir_Balkon-Zaman\u0131-11-600x902.jpg 600w, https:\/\/evinigiydir.com\/wp-content\/uploads\/2018\/05\/Evini-Giydir_Balkon-Zaman\u0131-11-200x300.jpg 200w, https:\/\/evinigiydir.com\/wp-content\/uploads\/2018\/05\/Evini-Giydir_Balkon-Zaman\u0131-11-768x1154.jpg 768w\" sizes=\"(max-width: 681px) 100vw, 681px\" \/><\/p>\n<p>Sizin de piknik havan\u0131z geldiyse e\u011fer, bu payla\u015f\u0131m\u0131mdan benim kadar keyif ald\u0131\u011f\u0131n\u0131z\u0131 biliyorum. Bu hafta sonu hava g\u00fczelse, \u015fimdiden keyifli piknikler diliyorum.<\/p>\n<p>Sevgilerimle,<\/p>\n<p>M<\/p>\n","protected":false},"excerpt":{"rendered":"<p>Sizi bilmem ama ben art\u0131k g\u00fczel bir piknik zaman\u0131 i\u00e7in haz\u0131r\u0131m. Havalar \u00e7amur gibi ve ben art\u0131k bundan \u00e7ok s\u0131k\u0131ld\u0131m\u2026 Temiz hava ve ne\u015feli battaniyeler ve biraz deniz havas\u0131 tam da ihtiyac\u0131m olan \u015fey. \u0130\u015fte bu d\u00fc\u015f\u00fcncelerle, Target firmas\u0131n\u0131n yeni bah\u00e7e koleksiyonuna rastlad\u0131m. Kendi koleksiyonlar\u0131 ile olu\u015fturduklar\u0131 keyifli balkon ve bah\u00e7e d\u00fczenlemelerine bay\u0131ld\u0131m. \u0130\u015fte tam olarak ihtiyac\u0131m olan b\u00f6yle bir balkonda bir limonata i\u00e7mek. Bir sonraki payla\u015f\u0131m\u0131m limonatalarla ilgili olacak heralde, bu aralar piknik ile ilgili ne varsa onlar\u0131 okuyorum malum. Siyah Beyaz balkon ve teras konseptine bay\u0131ld\u0131\u011f\u0131m\u0131 s\u00f6ylemem gerekmiyor herh\u00e2lde. Normalde renkli yast\u0131klar\u0131 seven biri olarak, bu detaylar\u0131n sakinli\u011fine ve vuruculu\u011funa bay\u0131ld\u0131m. Genel olarak her balkon ve teras alan\u0131nda yap\u0131lacak en ak\u0131ll\u0131ca i\u015f, dekore edebildi\u011finiz kadar dekore etmek ve gereksiz ve pasl\u0131 objeleri ortamdan kald\u0131rmak. Ve tabi ki mumlar ve ayd\u0131nlatma ortam\u0131n havas\u0131n\u0131 tamamen de\u011fi\u015ftirecektir. Benzer detaylarla olu\u015fturulan sofra konsepti, tepedeki lambader ile \u00e7ok keyifli bir g\u00f6r\u00fcnt\u00fc olu\u015fturmu\u015f. \u00dcstelik softaya biberiye, fesle\u011fen ve kekik gibi yenebilir ye\u015fillikler koyma fikri s\u00fcper olmu\u015f. Son olarak, benim ki\u015fisel zevklerime daha uygun reng\u00e2renk, eklektik bir piknik vahas\u0131 konsepti ile kar\u015f\u0131n\u0131zday\u0131m. Tam olarak hayallini kurdu\u011fum piknik i\u015fte bu\u2026 Yerde renkli kilimler, sal\u0131ncak, yer softas\u0131 ve keyifli puflar.. daha ne olabilir ki\u2026 Sizin de piknik havan\u0131z geldiyse e\u011fer, bu payla\u015f\u0131m\u0131mdan benim kadar keyif ald\u0131\u011f\u0131n\u0131z\u0131 biliyorum. Bu hafta sonu hava g\u00fczelse, \u015fimdiden keyifli piknikler diliyorum. Sevgilerimle, M<\/p>\n","protected":false},"author":2,"featured_media":2223,"comment_status":"closed","ping_status":"open","sticky":false,"template":"","format":"standard","meta":[],"categories":[42],"tags":[],"post_mailing_queue_ids":[],"_links":{"self":[{"href":"https:\/\/evinigiydir.com\/index.php\/wp-json\/wp\/v2\/posts\/2220"}],"collection":[{"href":"https:\/\/evinigiydir.com\/index.php\/wp-json\/wp\/v2\/posts"}],"about":[{"href":"https:\/\/evinigiydir.com\/index.php\/wp-json\/wp\/v2\/types\/post"}],"author":[{"embeddable":true,"href":"https:\/\/evinigiydir.com\/index.php\/wp-json\/wp\/v2\/users\/2"}],"replies":[{"embeddable":true,"href":"https:\/\/evinigiydir.com\/index.php\/wp-json\/wp\/v2\/comments?post=2220"}],"version-history":[{"count":1,"href":"https:\/\/evinigiydir.com\/index.php\/wp-json\/wp\/v2\/posts\/2220\/revisions"}],"predecessor-version":[{"id":2236,"href":"https:\/\/evinigiydir.com\/index.php\/wp-json\/wp\/v2\/posts\/2220\/revisions\/2236"}],"wp:featuredmedia":[{"embeddable":true,"href":"https:\/\/evinigiydir.com\/index.php\/wp-json\/wp\/v2\/media\/2223"}],"wp:attachment":[{"href":"https:\/\/evinigiydir.com\/index.php\/wp-json\/wp\/v2\/media?parent=2220"}],"wp:term":[{"taxonomy":"category","embeddable":true,"href":"https:\/\/evinigiydir.com\/index.php\/wp-json\/wp\/v2\/categories?post=2220"},{"taxonomy":"post_tag","embeddable":true,"href":"https:\/\/evinigiydir.com\/index.php\/wp-json\/wp\/v2\/tags?post=2220"}],"curies":[{"name":"wp","href":"https:\/\/api.w.org\/{rel}","templated":true}]}}