{"id":1943,"date":"2017-10-27T16:30:32","date_gmt":"2017-10-27T13:30:32","guid":{"rendered":"http:\/\/evinigiydir.com\/?p=1943"},"modified":"2021-10-09T17:03:39","modified_gmt":"2021-10-09T14:03:39","slug":"sofistike-detaylarin-sirri-bufe-konsollar","status":"publish","type":"post","link":"https:\/\/evinigiydir.com\/index.php\/2017\/10\/27\/sofistike-detaylarin-sirri-bufe-konsollar\/","title":{"rendered":"SOF\u0130ST\u0130KE DETAYLARIN SIRRI; B\u00dcFE &#038; KONSOLLAR"},"content":{"rendered":"<p>B\u00fcfe ve konsollar evlerimizin vazge\u00e7ilmez detaylar\u0131ndan. \u015eehir evlerinde maalesef mutfak alanlar\u0131 k\u0131s\u0131tl\u0131 oldu\u011fundan, b\u00fcfeler bir\u00e7ok de\u011ferli par\u00e7ay\u0131 depolamak i\u00e7in hem dekoratif hem de g\u00fcvenli bir se\u00e7im. \u00d6zellikle baz\u0131 par\u00e7alar var ki aile yadig\u00e2r\u0131 olarak nitelendirdi\u011fimiz ve kullanmaya k\u0131yamad\u0131\u011f\u0131m\u0131z; i\u015fte o par\u00e7alar\u0131 cam vitrinlerde hem g\u00f6r\u00fcn\u00fcr hem de g\u00fcvende tutmak istiyoruz.<\/p>\n<p><img decoding=\"async\" loading=\"lazy\" class=\"alignnone wp-image-1944 \" src=\"http:\/\/evinigiydir.com\/wp-content\/uploads\/2017\/10\/Evini_Giydir_Sepet-Kullan\u0131m\u0131_14-768x1024.jpg\" alt=\"\" width=\"564\" height=\"752\" srcset=\"https:\/\/evinigiydir.com\/wp-content\/uploads\/2017\/10\/Evini_Giydir_Sepet-Kullan\u0131m\u0131_14-768x1024.jpg 768w, https:\/\/evinigiydir.com\/wp-content\/uploads\/2017\/10\/Evini_Giydir_Sepet-Kullan\u0131m\u0131_14-600x800.jpg 600w, https:\/\/evinigiydir.com\/wp-content\/uploads\/2017\/10\/Evini_Giydir_Sepet-Kullan\u0131m\u0131_14-225x300.jpg 225w\" sizes=\"(max-width: 564px) 100vw, 564px\" \/><\/p>\n<p><img decoding=\"async\" loading=\"lazy\" class=\"alignnone wp-image-1949 size-full\" src=\"http:\/\/evinigiydir.com\/wp-content\/uploads\/2017\/10\/evini_Giydir_b\u00fcfe-7.jpg\" alt=\"\" width=\"564\" height=\"801\" srcset=\"https:\/\/evinigiydir.com\/wp-content\/uploads\/2017\/10\/evini_Giydir_b\u00fcfe-7.jpg 564w, https:\/\/evinigiydir.com\/wp-content\/uploads\/2017\/10\/evini_Giydir_b\u00fcfe-7-211x300.jpg 211w\" sizes=\"(max-width: 564px) 100vw, 564px\" \/> <img decoding=\"async\" loading=\"lazy\" class=\"alignnone wp-image-1948 size-full\" src=\"http:\/\/evinigiydir.com\/wp-content\/uploads\/2017\/10\/evini_Giydir_b\u00fcfe-4.jpg\" alt=\"\" width=\"564\" height=\"752\" srcset=\"https:\/\/evinigiydir.com\/wp-content\/uploads\/2017\/10\/evini_Giydir_b\u00fcfe-4.jpg 564w, https:\/\/evinigiydir.com\/wp-content\/uploads\/2017\/10\/evini_Giydir_b\u00fcfe-4-225x300.jpg 225w\" sizes=\"(max-width: 564px) 100vw, 564px\" \/><\/p>\n<p>Cam vitrin dendi\u011finde nedense akl\u0131m\u0131za babaannemizin evi geliyor, oysa yeni vitrin tasar\u0131mlar\u0131 hem modern hem de \u00e7ok \u015f\u0131k. Bu par\u00e7alar\u0131 evlerinizde nas\u0131l kullanman\u0131z gerekti\u011fi ile ilgili birka\u00e7 \u00f6nerim var.<\/p>\n<p><img decoding=\"async\" loading=\"lazy\" class=\"alignnone wp-image-1953 size-full\" src=\"http:\/\/evinigiydir.com\/wp-content\/uploads\/2017\/10\/evini_Giydir_b\u00fcfe-11.jpg\" alt=\"\" width=\"416\" height=\"480\" srcset=\"https:\/\/evinigiydir.com\/wp-content\/uploads\/2017\/10\/evini_Giydir_b\u00fcfe-11.jpg 416w, https:\/\/evinigiydir.com\/wp-content\/uploads\/2017\/10\/evini_Giydir_b\u00fcfe-11-260x300.jpg 260w\" sizes=\"(max-width: 416px) 100vw, 416px\" \/><\/p>\n<p>B\u00fcfelerinizi evinizin odak noktas\u0131 haline getire bilirsiniz. Bu mekan\u0131n daha derin ve sofistike alg\u0131lanmas\u0131na sebep olacakt\u0131r. B\u00fcfe belirgin bir alan tan\u0131mlayaca\u011f\u0131 i\u00e7in \u00fcst duvara sevdi\u011finiz resim veya tablolar\u0131 asarak daha g\u00f6r\u00fcn\u00fcr hale getirebilirsiniz.<\/p>\n<p><img decoding=\"async\" loading=\"lazy\" class=\"alignnone wp-image-1954 size-full\" src=\"http:\/\/evinigiydir.com\/wp-content\/uploads\/2017\/10\/evini_Giydir_b\u00fcfe-12.jpg\" alt=\"\" width=\"533\" height=\"600\" srcset=\"https:\/\/evinigiydir.com\/wp-content\/uploads\/2017\/10\/evini_Giydir_b\u00fcfe-12.jpg 533w, https:\/\/evinigiydir.com\/wp-content\/uploads\/2017\/10\/evini_Giydir_b\u00fcfe-12-267x300.jpg 267w\" sizes=\"(max-width: 533px) 100vw, 533px\" \/><\/p>\n<p>Cam b\u00fcfeler eski durmak zorunda de\u011fil, vitrinlerinizi i\u00e7ini farkl\u0131 dokudaki objelerle s\u00fcsleyerek daha se\u00e7ilmi\u015f bir g\u00f6r\u00fcn\u00fcm olu\u015fturabilirsiniz. Aile yadig\u00e2r\u0131 kitaplar ve fincanlarla tatl\u0131 bir kakt\u00fcs bir arada ya\u015fayabilir. Bu detaylar vitrinlerinizin g\u00f6rsel bir detaya d\u00f6n\u00fc\u015fmesini sa\u011flayacakt\u0131r.<\/p>\n<p><img decoding=\"async\" loading=\"lazy\" class=\"alignnone wp-image-1950 size-full\" src=\"http:\/\/evinigiydir.com\/wp-content\/uploads\/2017\/10\/evini_Giydir_b\u00fcfe-8.jpg\" alt=\"\" width=\"540\" height=\"740\" srcset=\"https:\/\/evinigiydir.com\/wp-content\/uploads\/2017\/10\/evini_Giydir_b\u00fcfe-8.jpg 540w, https:\/\/evinigiydir.com\/wp-content\/uploads\/2017\/10\/evini_Giydir_b\u00fcfe-8-219x300.jpg 219w\" sizes=\"(max-width: 540px) 100vw, 540px\" \/> <img decoding=\"async\" loading=\"lazy\" class=\"alignnone wp-image-1947 \" src=\"http:\/\/evinigiydir.com\/wp-content\/uploads\/2017\/10\/evini_Giydir_b\u00fcfe-3-714x1024.jpg\" alt=\"\" width=\"538\" height=\"771\" srcset=\"https:\/\/evinigiydir.com\/wp-content\/uploads\/2017\/10\/evini_Giydir_b\u00fcfe-3-714x1024.jpg 714w, https:\/\/evinigiydir.com\/wp-content\/uploads\/2017\/10\/evini_Giydir_b\u00fcfe-3-600x861.jpg 600w, https:\/\/evinigiydir.com\/wp-content\/uploads\/2017\/10\/evini_Giydir_b\u00fcfe-3-209x300.jpg 209w, https:\/\/evinigiydir.com\/wp-content\/uploads\/2017\/10\/evini_Giydir_b\u00fcfe-3-768x1102.jpg 768w, https:\/\/evinigiydir.com\/wp-content\/uploads\/2017\/10\/evini_Giydir_b\u00fcfe-3.jpg 1024w\" sizes=\"(max-width: 538px) 100vw, 538px\" \/><\/p>\n<p>Son olarak e\u011fer antika bir vitrine sahipseniz, bu par\u00e7ay\u0131 boyatarak hem antika hem de modern bir g\u00f6r\u00fcn\u00fcm elde etmeniz m\u00fcmk\u00fcn. Ah\u015faba zarar vermeyen ve istenildi\u011finde \u00e7\u0131kar\u0131labilen do\u011fa dostu bir boya se\u00e7meniz her \u015feyi \u00e7\u00f6zecektir.<\/p>\n<p><img decoding=\"async\" loading=\"lazy\" class=\"alignnone wp-image-1951 size-full\" src=\"http:\/\/evinigiydir.com\/wp-content\/uploads\/2017\/10\/evini_Giydir_b\u00fcfe-9.jpg\" alt=\"\" width=\"564\" height=\"864\" srcset=\"https:\/\/evinigiydir.com\/wp-content\/uploads\/2017\/10\/evini_Giydir_b\u00fcfe-9.jpg 564w, https:\/\/evinigiydir.com\/wp-content\/uploads\/2017\/10\/evini_Giydir_b\u00fcfe-9-196x300.jpg 196w\" sizes=\"(max-width: 564px) 100vw, 564px\" \/><\/p>\n<p><img decoding=\"async\" loading=\"lazy\" class=\"alignnone wp-image-1955 \" src=\"http:\/\/evinigiydir.com\/wp-content\/uploads\/2017\/10\/KONSOL.jpg\" alt=\"\" width=\"692\" height=\"979\" srcset=\"https:\/\/evinigiydir.com\/wp-content\/uploads\/2017\/10\/KONSOL.jpg 2480w, https:\/\/evinigiydir.com\/wp-content\/uploads\/2017\/10\/KONSOL-600x849.jpg 600w, https:\/\/evinigiydir.com\/wp-content\/uploads\/2017\/10\/KONSOL-212x300.jpg 212w, https:\/\/evinigiydir.com\/wp-content\/uploads\/2017\/10\/KONSOL-768x1086.jpg 768w, https:\/\/evinigiydir.com\/wp-content\/uploads\/2017\/10\/KONSOL-724x1024.jpg 724w\" sizes=\"(max-width: 692px) 100vw, 692px\" \/><\/p>\n<p>|<a href=\"https:\/\/www.ikea.com.tr\/urun-katalogu\/yemek-odalari\/vitrin-ve-konsollar\/40239721\/stockholm-konsol.aspx\">1<\/a>|<a href=\"http:\/\/fugamobilya.com\/portfolio_page\/68-6\/\">2<\/a>|<a href=\"https:\/\/www.ikea.com.tr\/urun-katalogu\/yemek-odalari\/vitrin-ve-konsollar\/00363171\/fabrikor-vitrin.aspx\">3<\/a>|<a href=\"http:\/\/www.hamm.com.tr\/urun\/sir-1\">4<\/a>|<a href=\"https:\/\/www.ikea.com.tr\/urun-katalogu\/yemek-odalari\/vitrin-ve-konsollar\/40309257\/hemnes-bufe.aspx\">5<\/a>|<a href=\"http:\/\/www.hamm.com.tr\/urun\/muhtelif-11\">6<\/a>|<a href=\"https:\/\/koleksiyon.com.tr\/tr\/ev\/urunler\/antigone-bufe\/\">7<\/a>|<a href=\"https:\/\/www.mudo.com.tr\/pigla-bufe-renksiz\/\">8<\/a>|<\/p>\n<p>Sevdi\u011fimiz baz\u0131 par\u00e7alar\u0131 sizin i\u00e7in bir araya getirdik, bu \u00fcr\u00fcnler ile ilgili detaylara a\u015fa\u011f\u0131daki numaras\u0131n\u0131 t\u0131klayarak ula\u015fabilirsiniz. \u015eimdiden herkese huzur dolu, keyif dolu bir hafta sonu diliyorum. Sizi bilmem ama benim bu aralar pek bir huzura ihtiyac\u0131m var.<\/p>\n<p>Sevgilerimle,<\/p>\n<p>Merve<\/p>\n","protected":false},"excerpt":{"rendered":"<p>B\u00fcfe ve konsollar evlerimizin vazge\u00e7ilmez detaylar\u0131ndan. \u015eehir evlerinde maalesef mutfak alanlar\u0131 k\u0131s\u0131tl\u0131 oldu\u011fundan, b\u00fcfeler bir\u00e7ok de\u011ferli par\u00e7ay\u0131 depolamak i\u00e7in hem dekoratif hem de g\u00fcvenli bir se\u00e7im. \u00d6zellikle baz\u0131 par\u00e7alar var ki aile yadig\u00e2r\u0131 olarak nitelendirdi\u011fimiz ve kullanmaya k\u0131yamad\u0131\u011f\u0131m\u0131z; i\u015fte o par\u00e7alar\u0131 cam vitrinlerde hem g\u00f6r\u00fcn\u00fcr hem de g\u00fcvende tutmak istiyoruz. Cam vitrin dendi\u011finde nedense akl\u0131m\u0131za babaannemizin evi geliyor, oysa yeni vitrin tasar\u0131mlar\u0131 hem modern hem de \u00e7ok \u015f\u0131k. Bu par\u00e7alar\u0131 evlerinizde nas\u0131l kullanman\u0131z gerekti\u011fi ile ilgili birka\u00e7 \u00f6nerim var. B\u00fcfelerinizi evinizin odak noktas\u0131 haline getire bilirsiniz. Bu mekan\u0131n daha derin ve sofistike alg\u0131lanmas\u0131na sebep olacakt\u0131r. B\u00fcfe belirgin bir alan tan\u0131mlayaca\u011f\u0131 i\u00e7in \u00fcst duvara sevdi\u011finiz resim veya tablolar\u0131 asarak daha g\u00f6r\u00fcn\u00fcr hale getirebilirsiniz. Cam b\u00fcfeler eski durmak zorunda de\u011fil, vitrinlerinizi i\u00e7ini farkl\u0131 dokudaki objelerle s\u00fcsleyerek daha se\u00e7ilmi\u015f bir g\u00f6r\u00fcn\u00fcm olu\u015fturabilirsiniz. Aile yadig\u00e2r\u0131 kitaplar ve fincanlarla tatl\u0131 bir kakt\u00fcs bir arada ya\u015fayabilir. Bu detaylar vitrinlerinizin g\u00f6rsel bir detaya d\u00f6n\u00fc\u015fmesini sa\u011flayacakt\u0131r. Son olarak e\u011fer antika bir vitrine sahipseniz, bu par\u00e7ay\u0131 boyatarak hem antika hem de modern bir g\u00f6r\u00fcn\u00fcm elde etmeniz m\u00fcmk\u00fcn. Ah\u015faba zarar vermeyen ve istenildi\u011finde \u00e7\u0131kar\u0131labilen do\u011fa dostu bir boya se\u00e7meniz her \u015feyi \u00e7\u00f6zecektir. |1|2|3|4|5|6|7|8| Sevdi\u011fimiz baz\u0131 par\u00e7alar\u0131 sizin i\u00e7in bir araya getirdik, bu \u00fcr\u00fcnler ile ilgili detaylara a\u015fa\u011f\u0131daki numaras\u0131n\u0131 t\u0131klayarak ula\u015fabilirsiniz. \u015eimdiden herkese huzur dolu, keyif dolu bir hafta sonu diliyorum. Sizi bilmem ama benim bu aralar pek bir huzura ihtiyac\u0131m var. Sevgilerimle, Merve<\/p>\n","protected":false},"author":2,"featured_media":1954,"comment_status":"closed","ping_status":"open","sticky":false,"template":"","format":"standard","meta":[],"categories":[1],"tags":[],"post_mailing_queue_ids":[],"_links":{"self":[{"href":"https:\/\/evinigiydir.com\/index.php\/wp-json\/wp\/v2\/posts\/1943"}],"collection":[{"href":"https:\/\/evinigiydir.com\/index.php\/wp-json\/wp\/v2\/posts"}],"about":[{"href":"https:\/\/evinigiydir.com\/index.php\/wp-json\/wp\/v2\/types\/post"}],"author":[{"embeddable":true,"href":"https:\/\/evinigiydir.com\/index.php\/wp-json\/wp\/v2\/users\/2"}],"replies":[{"embeddable":true,"href":"https:\/\/evinigiydir.com\/index.php\/wp-json\/wp\/v2\/comments?post=1943"}],"version-history":[{"count":2,"href":"https:\/\/evinigiydir.com\/index.php\/wp-json\/wp\/v2\/posts\/1943\/revisions"}],"predecessor-version":[{"id":1957,"href":"https:\/\/evinigiydir.com\/index.php\/wp-json\/wp\/v2\/posts\/1943\/revisions\/1957"}],"wp:featuredmedia":[{"embeddable":true,"href":"https:\/\/evinigiydir.com\/index.php\/wp-json\/wp\/v2\/media\/1954"}],"wp:attachment":[{"href":"https:\/\/evinigiydir.com\/index.php\/wp-json\/wp\/v2\/media?parent=1943"}],"wp:term":[{"taxonomy":"category","embeddable":true,"href":"https:\/\/evinigiydir.com\/index.php\/wp-json\/wp\/v2\/categories?post=1943"},{"taxonomy":"post_tag","embeddable":true,"href":"https:\/\/evinigiydir.com\/index.php\/wp-json\/wp\/v2\/tags?post=1943"}],"curies":[{"name":"wp","href":"https:\/\/api.w.org\/{rel}","templated":true}]}}