{"id":1737,"date":"2017-05-17T13:05:42","date_gmt":"2017-05-17T10:05:42","guid":{"rendered":"http:\/\/evinigiydir.com\/?p=1737"},"modified":"2021-10-09T17:03:40","modified_gmt":"2021-10-09T14:03:40","slug":"masa-kurmayi-sevenlere","status":"publish","type":"post","link":"https:\/\/evinigiydir.com\/index.php\/2017\/05\/17\/masa-kurmayi-sevenlere\/","title":{"rendered":"MASA KURMAYI SEVENLERE\u2026"},"content":{"rendered":"<p>Biliyorum size de masa kurmay\u0131 sunum yapmay\u0131 seviyorsunuz. Hatta bence t\u00fcm \u00fclkeler aras\u0131nda sunum olay\u0131n\u0131 en \u00e7ok sevenler bu co\u011frafyada bulu\u015fmu\u015f, ge\u00e7en g\u00fcn instagram\u2019da basit bir bardak suyu bile olay haline getiren, sunum olay\u0131n\u0131 ta\u00e7land\u0131ran bir s\u00fcr\u00fc hesap g\u00f6rd\u00fcm. Biz bu i\u015fi seviyoruz, kimse benim i\u00e7in \u00f6nemli de\u011fil demesin J<\/p>\n<p>\u0130\u015fte biz de bu milli a\u015fk\u0131m\u0131zdan yola \u00e7\u0131karak sizin i\u00e7in ilham kayna\u011f\u0131 olu\u015fturabilecek baz\u0131 g\u00f6rseller ve ipu\u00e7lar\u0131 haz\u0131rlad\u0131k. Farkl\u0131 desenleri, farkl\u0131 renkleri basit detaylarla bir araya getirerek, sofran\u0131za ne\u015fe kat\u0131n, bizde bu ne\u015feye ortak olal\u0131m istedik.<\/p>\n<p><img decoding=\"async\" loading=\"lazy\" class=\"alignnone wp-image-1742 size-full\" src=\"http:\/\/evinigiydir.com\/wp-content\/uploads\/2017\/05\/masa-tasar\u0131m\u0131_Evini-Giydir-2.jpg\" alt=\"\" width=\"520\" height=\"429\" srcset=\"https:\/\/evinigiydir.com\/wp-content\/uploads\/2017\/05\/masa-tasar\u0131m\u0131_Evini-Giydir-2.jpg 520w, https:\/\/evinigiydir.com\/wp-content\/uploads\/2017\/05\/masa-tasar\u0131m\u0131_Evini-Giydir-2-300x248.jpg 300w\" sizes=\"(max-width: 520px) 100vw, 520px\" \/> <img decoding=\"async\" loading=\"lazy\" class=\"alignnone wp-image-1744 \" src=\"http:\/\/evinigiydir.com\/wp-content\/uploads\/2017\/05\/masa-tasar\u0131m\u0131_Evini-Giydir-4.jpg\" alt=\"\" width=\"520\" height=\"507\" srcset=\"https:\/\/evinigiydir.com\/wp-content\/uploads\/2017\/05\/masa-tasar\u0131m\u0131_Evini-Giydir-4.jpg 564w, https:\/\/evinigiydir.com\/wp-content\/uploads\/2017\/05\/masa-tasar\u0131m\u0131_Evini-Giydir-4-300x293.jpg 300w\" sizes=\"(max-width: 520px) 100vw, 520px\" \/><\/p>\n<p><strong>AYNI RENKLER\u0130 KULLANIN!<\/strong><\/p>\n<p>Ayn\u0131 renk tonlar\u0131nda ama farkl\u0131 desenlerdeki tabaklar\u0131n\u0131z\u0131 bir arada kullanabilirsiniz. Ayn\u0131 renk oldu\u011fu s\u00fcrece tabaklar farkl\u0131 desenlerde olsa dahi g\u00f6z\u00fcm\u00fcze uyumlu g\u00f6r\u00fcn\u00fcyor. Buradaki \u00f6nemli detay, farkl\u0131 desenleri \u00fcst \u00fcste kullanmak, yani \u00e7i\u00e7ekli taba\u011f\u0131n \u00fczerine \u00e7izgili taba\u011f\u0131 yerle\u015ftirmek, iki benzer desenin yan yana olmamas\u0131d\u0131r. Bunu halletti\u011finiz zaman gelsin \u00f6zg\u00fcn sofralar.<\/p>\n<p><img decoding=\"async\" loading=\"lazy\" class=\"alignnone wp-image-1743 size-full\" src=\"http:\/\/evinigiydir.com\/wp-content\/uploads\/2017\/05\/masa-tasar\u0131m\u0131_Evini-Giydir-3.jpg\" alt=\"\" width=\"520\" height=\"429\" srcset=\"https:\/\/evinigiydir.com\/wp-content\/uploads\/2017\/05\/masa-tasar\u0131m\u0131_Evini-Giydir-3.jpg 520w, https:\/\/evinigiydir.com\/wp-content\/uploads\/2017\/05\/masa-tasar\u0131m\u0131_Evini-Giydir-3-300x248.jpg 300w\" sizes=\"(max-width: 520px) 100vw, 520px\" \/><\/p>\n<p><strong>FARKLI \u015eEK\u0130LLER\u0130 KULLANAB\u0130L\u0130RS\u0130N\u0130Z!<\/strong><\/p>\n<p>Farkl\u0131 \u015fekillerdeki tabaklar\u0131n\u0131z\u0131 bir arada kullanabilirsiniz. Burada p\u00fcf nokta; ya ayn\u0131 renk gitmek, ya da farkl\u0131 renkleri bir araya getirmek. E\u011fer farkl\u0131 renklere y\u00f6neliyorsan\u0131z, o zaman 2 g\u00fc\u00e7l\u00fc tonu bir sade tonla ay\u0131rman\u0131z gerekecek, b\u00f6ylece daha b\u00fct\u00fcnsel bir g\u00f6r\u00fcnt\u00fc yaratacaks\u0131n\u0131z. Bu sofra tasar\u0131m y\u00f6ntemi, birbirinden farkl\u0131 tabaklar\u0131 olanlar i\u00e7in harika. Her seyahatinden farkl\u0131 tabaklar alan biri olarak onlar\u0131 ayn\u0131 sofrada bir araya getirmek harika oluyor. \u00dcstelik tabaklar size ge\u00e7irdi\u011finiz g\u00fczel g\u00fcnleri hat\u0131rlat\u0131yor.<\/p>\n<p><img decoding=\"async\" loading=\"lazy\" class=\"alignnone wp-image-1740 \" src=\"http:\/\/evinigiydir.com\/wp-content\/uploads\/2017\/05\/masa-tasar\u0131m\u0131_Evini-Giydir-8.jpg\" alt=\"\" width=\"477\" height=\"636\" srcset=\"https:\/\/evinigiydir.com\/wp-content\/uploads\/2017\/05\/masa-tasar\u0131m\u0131_Evini-Giydir-8.jpg 450w, https:\/\/evinigiydir.com\/wp-content\/uploads\/2017\/05\/masa-tasar\u0131m\u0131_Evini-Giydir-8-225x300.jpg 225w\" sizes=\"(max-width: 477px) 100vw, 477px\" \/> <img decoding=\"async\" loading=\"lazy\" class=\"alignnone wp-image-1745 \" src=\"http:\/\/evinigiydir.com\/wp-content\/uploads\/2017\/05\/masa-tasar\u0131m\u0131_Evini-Giydir-5.jpg\" alt=\"\" width=\"478\" height=\"599\" srcset=\"https:\/\/evinigiydir.com\/wp-content\/uploads\/2017\/05\/masa-tasar\u0131m\u0131_Evini-Giydir-5.jpg 564w, https:\/\/evinigiydir.com\/wp-content\/uploads\/2017\/05\/masa-tasar\u0131m\u0131_Evini-Giydir-5-239x300.jpg 239w\" sizes=\"(max-width: 478px) 100vw, 478px\" \/><\/p>\n<p><strong>DO\u011eAL DETAYLAR KULLANIN!<\/strong><\/p>\n<p>Do\u011fal detaylar kullanmak hem sofran\u0131z\u0131 renklendirirken, hem de i\u015ftah\u0131n\u0131z\u0131 a\u00e7arak sofran\u0131z\u0131n daha zengin g\u00f6r\u00fcnmesini sa\u011flayacakt\u0131r. Bu konuda hislerinize g\u00fcvenin, cam tabaklar\u0131n alt\u0131na bir par\u00e7a dal ekleyerek her tabak i\u00e7in farkl\u0131 detay olu\u015fturabilir ve ya narenciyeler ile sofran\u0131z\u0131 dekore edebilirsiniz. Bizim favorimiz narenciyeler oldu hep, \u00e7\u00fcnk\u00fc yemek sonunda onlar\u0131 yiyerek e\u011flenceli bir ortam olu\u015ftura bilirsiniz.<\/p>\n<p><img decoding=\"async\" loading=\"lazy\" class=\"alignnone wp-image-1738 \" src=\"http:\/\/evinigiydir.com\/wp-content\/uploads\/2017\/05\/masa-tasar\u0131m\u0131_Evini-Giydir-6.jpg\" alt=\"\" width=\"484\" height=\"577\" srcset=\"https:\/\/evinigiydir.com\/wp-content\/uploads\/2017\/05\/masa-tasar\u0131m\u0131_Evini-Giydir-6.jpg 564w, https:\/\/evinigiydir.com\/wp-content\/uploads\/2017\/05\/masa-tasar\u0131m\u0131_Evini-Giydir-6-252x300.jpg 252w\" sizes=\"(max-width: 484px) 100vw, 484px\" \/><\/p>\n","protected":false},"excerpt":{"rendered":"<p>Biliyorum size de masa kurmay\u0131 sunum yapmay\u0131 seviyorsunuz. Hatta bence t\u00fcm \u00fclkeler aras\u0131nda sunum olay\u0131n\u0131 en \u00e7ok sevenler bu co\u011frafyada bulu\u015fmu\u015f, ge\u00e7en g\u00fcn instagram\u2019da basit bir bardak suyu bile olay haline getiren, sunum olay\u0131n\u0131 ta\u00e7land\u0131ran bir s\u00fcr\u00fc hesap g\u00f6rd\u00fcm. Biz bu i\u015fi seviyoruz, kimse benim i\u00e7in \u00f6nemli de\u011fil demesin J \u0130\u015fte biz de bu milli a\u015fk\u0131m\u0131zdan yola \u00e7\u0131karak sizin i\u00e7in ilham kayna\u011f\u0131 olu\u015fturabilecek baz\u0131 g\u00f6rseller ve ipu\u00e7lar\u0131 haz\u0131rlad\u0131k. Farkl\u0131 desenleri, farkl\u0131 renkleri basit detaylarla bir araya getirerek, sofran\u0131za ne\u015fe kat\u0131n, bizde bu ne\u015feye ortak olal\u0131m istedik. AYNI RENKLER\u0130 KULLANIN! Ayn\u0131 renk tonlar\u0131nda ama farkl\u0131 desenlerdeki tabaklar\u0131n\u0131z\u0131 bir arada kullanabilirsiniz. Ayn\u0131 renk oldu\u011fu s\u00fcrece tabaklar farkl\u0131 desenlerde olsa dahi g\u00f6z\u00fcm\u00fcze uyumlu g\u00f6r\u00fcn\u00fcyor. Buradaki \u00f6nemli detay, farkl\u0131 desenleri \u00fcst \u00fcste kullanmak, yani \u00e7i\u00e7ekli taba\u011f\u0131n \u00fczerine \u00e7izgili taba\u011f\u0131 yerle\u015ftirmek, iki benzer desenin yan yana olmamas\u0131d\u0131r. Bunu halletti\u011finiz zaman gelsin \u00f6zg\u00fcn sofralar. FARKLI \u015eEK\u0130LLER\u0130 KULLANAB\u0130L\u0130RS\u0130N\u0130Z! Farkl\u0131 \u015fekillerdeki tabaklar\u0131n\u0131z\u0131 bir arada kullanabilirsiniz. Burada p\u00fcf nokta; ya ayn\u0131 renk gitmek, ya da farkl\u0131 renkleri bir araya getirmek. E\u011fer farkl\u0131 renklere y\u00f6neliyorsan\u0131z, o zaman 2 g\u00fc\u00e7l\u00fc tonu bir sade tonla ay\u0131rman\u0131z gerekecek, b\u00f6ylece daha b\u00fct\u00fcnsel bir g\u00f6r\u00fcnt\u00fc yaratacaks\u0131n\u0131z. Bu sofra tasar\u0131m y\u00f6ntemi, birbirinden farkl\u0131 tabaklar\u0131 olanlar i\u00e7in harika. Her seyahatinden farkl\u0131 tabaklar alan biri olarak onlar\u0131 ayn\u0131 sofrada bir araya getirmek harika oluyor. \u00dcstelik tabaklar size ge\u00e7irdi\u011finiz g\u00fczel g\u00fcnleri hat\u0131rlat\u0131yor. DO\u011eAL DETAYLAR KULLANIN! Do\u011fal detaylar kullanmak hem sofran\u0131z\u0131 renklendirirken, hem de i\u015ftah\u0131n\u0131z\u0131 a\u00e7arak sofran\u0131z\u0131n daha zengin g\u00f6r\u00fcnmesini sa\u011flayacakt\u0131r. Bu konuda hislerinize g\u00fcvenin, cam tabaklar\u0131n alt\u0131na bir par\u00e7a dal ekleyerek her tabak i\u00e7in farkl\u0131 detay olu\u015fturabilir ve ya narenciyeler ile sofran\u0131z\u0131 dekore edebilirsiniz. Bizim favorimiz narenciyeler oldu hep, \u00e7\u00fcnk\u00fc yemek sonunda onlar\u0131 yiyerek e\u011flenceli bir ortam olu\u015ftura bilirsiniz.<\/p>\n","protected":false},"author":2,"featured_media":1741,"comment_status":"closed","ping_status":"open","sticky":false,"template":"","format":"standard","meta":[],"categories":[1],"tags":[],"post_mailing_queue_ids":[],"_links":{"self":[{"href":"https:\/\/evinigiydir.com\/index.php\/wp-json\/wp\/v2\/posts\/1737"}],"collection":[{"href":"https:\/\/evinigiydir.com\/index.php\/wp-json\/wp\/v2\/posts"}],"about":[{"href":"https:\/\/evinigiydir.com\/index.php\/wp-json\/wp\/v2\/types\/post"}],"author":[{"embeddable":true,"href":"https:\/\/evinigiydir.com\/index.php\/wp-json\/wp\/v2\/users\/2"}],"replies":[{"embeddable":true,"href":"https:\/\/evinigiydir.com\/index.php\/wp-json\/wp\/v2\/comments?post=1737"}],"version-history":[{"count":2,"href":"https:\/\/evinigiydir.com\/index.php\/wp-json\/wp\/v2\/posts\/1737\/revisions"}],"predecessor-version":[{"id":1747,"href":"https:\/\/evinigiydir.com\/index.php\/wp-json\/wp\/v2\/posts\/1737\/revisions\/1747"}],"wp:featuredmedia":[{"embeddable":true,"href":"https:\/\/evinigiydir.com\/index.php\/wp-json\/wp\/v2\/media\/1741"}],"wp:attachment":[{"href":"https:\/\/evinigiydir.com\/index.php\/wp-json\/wp\/v2\/media?parent=1737"}],"wp:term":[{"taxonomy":"category","embeddable":true,"href":"https:\/\/evinigiydir.com\/index.php\/wp-json\/wp\/v2\/categories?post=1737"},{"taxonomy":"post_tag","embeddable":true,"href":"https:\/\/evinigiydir.com\/index.php\/wp-json\/wp\/v2\/tags?post=1737"}],"curies":[{"name":"wp","href":"https:\/\/api.w.org\/{rel}","templated":true}]}}