{"id":3915,"date":"2020-08-30T22:37:13","date_gmt":"2020-08-30T19:37:13","guid":{"rendered":"http:\/\/evinigiydir.com\/?p=3915"},"modified":"2021-10-09T17:04:01","modified_gmt":"2021-10-09T14:04:01","slug":"hayallerdeki-ciftlik-evi","status":"publish","type":"post","link":"http:\/\/evinigiydir.com\/index.php\/2020\/08\/30\/hayallerdeki-ciftlik-evi\/","title":{"rendered":"Hayallerdeki \u00c7iftlik Evi"},"content":{"rendered":"\n<p><\/p>\n\n\n\n<p>Son zamanlarda ya\u015fad\u0131\u011f\u0131m\u0131z salg\u0131n sebebinden midir yoksa\nba\u015fka bir sebepten midir, tam olarak bilemesem de r\u00fcyalardaki \u00e7iftlik evimi\nhayal ediyorum. Herkesin kalbinde yatan bir aslan vard\u0131r, benimki ise sesiz ve\ndingin bir \u00e7iftlik evi. \u0130\u015fte bu konuda hayal kurarken tam da arad\u0131\u011f\u0131m eve \u00e7ok\nyak\u0131n bir evi bulma \u015fans\u0131na sahip oldum. <\/p>\n\n\n\n<figure class=\"wp-block-image\"><img decoding=\"async\" loading=\"lazy\" width=\"1024\" height=\"681\" src=\"http:\/\/evinigiydir.com\/wp-content\/uploads\/2020\/08\/Evini-Giydir-_-Hayal-evi-08-1024x681.jpg\" alt=\"\" class=\"wp-image-3916\" srcset=\"http:\/\/evinigiydir.com\/wp-content\/uploads\/2020\/08\/Evini-Giydir-_-Hayal-evi-08-1024x681.jpg 1024w, http:\/\/evinigiydir.com\/wp-content\/uploads\/2020\/08\/Evini-Giydir-_-Hayal-evi-08-300x200.jpg 300w, http:\/\/evinigiydir.com\/wp-content\/uploads\/2020\/08\/Evini-Giydir-_-Hayal-evi-08-768x511.jpg 768w, http:\/\/evinigiydir.com\/wp-content\/uploads\/2020\/08\/Evini-Giydir-_-Hayal-evi-08-1200x798.jpg 1200w, http:\/\/evinigiydir.com\/wp-content\/uploads\/2020\/08\/Evini-Giydir-_-Hayal-evi-08.jpg 1500w\" sizes=\"(max-width: 1024px) 100vw, 1024px\" \/><\/figure>\n\n\n\n<figure class=\"wp-block-image\"><img decoding=\"async\" loading=\"lazy\" width=\"750\" height=\"750\" src=\"http:\/\/evinigiydir.com\/wp-content\/uploads\/2020\/08\/Evini-Giydir-_-Hayal-evi-05.jpeg\" alt=\"\" class=\"wp-image-3917\" srcset=\"http:\/\/evinigiydir.com\/wp-content\/uploads\/2020\/08\/Evini-Giydir-_-Hayal-evi-05.jpeg 750w, http:\/\/evinigiydir.com\/wp-content\/uploads\/2020\/08\/Evini-Giydir-_-Hayal-evi-05-150x150.jpeg 150w, http:\/\/evinigiydir.com\/wp-content\/uploads\/2020\/08\/Evini-Giydir-_-Hayal-evi-05-300x300.jpeg 300w\" sizes=\"(max-width: 750px) 100vw, 750px\" \/><\/figure>\n\n\n\n<figure class=\"wp-block-image\"><img decoding=\"async\" loading=\"lazy\" width=\"683\" height=\"1024\" src=\"http:\/\/evinigiydir.com\/wp-content\/uploads\/2020\/08\/Evini-Giydir-_-Hayal-evi-01-683x1024.jpg\" alt=\"\" class=\"wp-image-3918\" srcset=\"http:\/\/evinigiydir.com\/wp-content\/uploads\/2020\/08\/Evini-Giydir-_-Hayal-evi-01-683x1024.jpg 683w, http:\/\/evinigiydir.com\/wp-content\/uploads\/2020\/08\/Evini-Giydir-_-Hayal-evi-01-200x300.jpg 200w, http:\/\/evinigiydir.com\/wp-content\/uploads\/2020\/08\/Evini-Giydir-_-Hayal-evi-01-768x1152.jpg 768w, http:\/\/evinigiydir.com\/wp-content\/uploads\/2020\/08\/Evini-Giydir-_-Hayal-evi-01.jpg 1067w\" sizes=\"(max-width: 683px) 100vw, 683px\" \/><\/figure>\n\n\n\n<p>Bu d\u00fcnya g\u00fczeli ev Giannetti mimarl\u0131k taraf\u0131ndan kendi\nevleri olarak tasarlanm\u0131\u015f. Bayan Brooke Giannetti tam da kendini dingin\nhissedebilece\u011fi bir vaha hayali kurarak tasarlam\u0131\u015f evi ( tam benlik!). kar\u0131\nkoca olarak kurduklar\u0131 ve \u00e7al\u0131\u015ft\u0131klar\u0131 mimarl\u0131k ofislerini hi\u00e7 b\u00fcy\u00fctmek\nistememi\u015fler, kendi zamanlar\u0131n\u0131 kendi sevdikleri gibi planlamay\u0131 seven \u00e7ift,\ni\u015flerini m\u00fctevaz\u0131 tutarak huzuru bulduklar\u0131n\u0131 s\u00f6yl\u00fcyor. Bug\u00fcn toplam 4 ki\u015fiden\nolu\u015fan ofislerinde t\u00fcm bireyler evlerinden \u00e7al\u0131\u015f\u0131yor ve t\u00fcm i\u015flerini \u00e7evrimi\u00e7i\nolarak \u00e7\u00f6z\u00fcyorlar. Tam olarak ayn\u0131 \u015fekilde \u00e7al\u0131\u015fan bir insan olarak bana\nbenzeyen meslekta\u015flar g\u00f6rmek inan\u0131n zemzem suyu etkisi yaratt\u0131 v\u00fccudumda. <\/p>\n\n\n\n<figure class=\"wp-block-image\"><img decoding=\"async\" loading=\"lazy\" width=\"750\" height=\"971\" src=\"http:\/\/evinigiydir.com\/wp-content\/uploads\/2020\/08\/Evini-Giydir-_-Hayal-evi-02.jpg\" alt=\"\" class=\"wp-image-3919\" srcset=\"http:\/\/evinigiydir.com\/wp-content\/uploads\/2020\/08\/Evini-Giydir-_-Hayal-evi-02.jpg 750w, http:\/\/evinigiydir.com\/wp-content\/uploads\/2020\/08\/Evini-Giydir-_-Hayal-evi-02-232x300.jpg 232w\" sizes=\"(max-width: 750px) 100vw, 750px\" \/><\/figure>\n\n\n\n<figure class=\"wp-block-image\"><img decoding=\"async\" loading=\"lazy\" width=\"750\" height=\"971\" src=\"http:\/\/evinigiydir.com\/wp-content\/uploads\/2020\/08\/Evini-Giydir-_-Hayal-evi-03.jpg\" alt=\"\" class=\"wp-image-3920\" srcset=\"http:\/\/evinigiydir.com\/wp-content\/uploads\/2020\/08\/Evini-Giydir-_-Hayal-evi-03.jpg 750w, http:\/\/evinigiydir.com\/wp-content\/uploads\/2020\/08\/Evini-Giydir-_-Hayal-evi-03-232x300.jpg 232w\" sizes=\"(max-width: 750px) 100vw, 750px\" \/><\/figure>\n\n\n\n<figure class=\"wp-block-image\"><img decoding=\"async\" loading=\"lazy\" width=\"750\" height=\"750\" src=\"http:\/\/evinigiydir.com\/wp-content\/uploads\/2020\/08\/Evini-Giydir-_-Hayal-evi-04.jpeg\" alt=\"\" class=\"wp-image-3921\" srcset=\"http:\/\/evinigiydir.com\/wp-content\/uploads\/2020\/08\/Evini-Giydir-_-Hayal-evi-04.jpeg 750w, http:\/\/evinigiydir.com\/wp-content\/uploads\/2020\/08\/Evini-Giydir-_-Hayal-evi-04-150x150.jpeg 150w, http:\/\/evinigiydir.com\/wp-content\/uploads\/2020\/08\/Evini-Giydir-_-Hayal-evi-04-300x300.jpeg 300w\" sizes=\"(max-width: 750px) 100vw, 750px\" \/><\/figure>\n\n\n\n<p>Tek katl\u0131 Frans\u0131z \u00e7iftlik mimarinden etkilenen \u00e7ift,\nevlerini peyzaj i\u00e7inde kaybolmas\u0131 i\u00e7in tasarlanm\u0131\u015f. Bu detay\u0131 tam olarak\nger\u00e7ekle\u015ftire bilen nadir projelerden. Do\u011fal renklerden, al\u00e7akg\u00f6n\u00fcll\u00fc\nmateryaller kullanarak tam olarak bir vaha yaratt\u0131klar\u0131n\u0131 s\u00f6yleyebilirim.<\/p>\n\n\n\n<figure class=\"wp-block-image\"><img decoding=\"async\" loading=\"lazy\" width=\"1024\" height=\"683\" src=\"http:\/\/evinigiydir.com\/wp-content\/uploads\/2020\/08\/Evini-Giydir-_-Hayal-evi-07-1024x683.jpg\" alt=\"\" class=\"wp-image-3922\" srcset=\"http:\/\/evinigiydir.com\/wp-content\/uploads\/2020\/08\/Evini-Giydir-_-Hayal-evi-07-1024x683.jpg 1024w, http:\/\/evinigiydir.com\/wp-content\/uploads\/2020\/08\/Evini-Giydir-_-Hayal-evi-07-300x200.jpg 300w, http:\/\/evinigiydir.com\/wp-content\/uploads\/2020\/08\/Evini-Giydir-_-Hayal-evi-07-768x512.jpg 768w, http:\/\/evinigiydir.com\/wp-content\/uploads\/2020\/08\/Evini-Giydir-_-Hayal-evi-07-1200x800.jpg 1200w, http:\/\/evinigiydir.com\/wp-content\/uploads\/2020\/08\/Evini-Giydir-_-Hayal-evi-07.jpg 1500w\" sizes=\"(max-width: 1024px) 100vw, 1024px\" \/><\/figure>\n\n\n\n<figure class=\"wp-block-image\"><img decoding=\"async\" loading=\"lazy\" width=\"750\" height=\"971\" src=\"http:\/\/evinigiydir.com\/wp-content\/uploads\/2020\/08\/Evini-Giydir-_-Hayal-evi-09.jpg\" alt=\"\" class=\"wp-image-3923\" srcset=\"http:\/\/evinigiydir.com\/wp-content\/uploads\/2020\/08\/Evini-Giydir-_-Hayal-evi-09.jpg 750w, http:\/\/evinigiydir.com\/wp-content\/uploads\/2020\/08\/Evini-Giydir-_-Hayal-evi-09-232x300.jpg 232w\" sizes=\"(max-width: 750px) 100vw, 750px\" \/><\/figure>\n\n\n\n<p>\u0130klimin elveri\u015flili\u011fini en iyi \u015fekilde kullanarak, b\u00fcy\u00fck a\u00e7\u0131kl\u0131klar\nile her mek\u00e2n\u0131 do\u011fal \u0131\u015f\u0131k ile doldurduklar\u0131n\u0131 ve y\u0131l\u0131n her mevsiminde bah\u00e7enin\ng\u00fczelli\u011fini ya\u015fad\u0131klar\u0131n\u0131 s\u00f6yl\u00fcyor. <\/p>\n\n\n\n<figure class=\"wp-block-image\"><img decoding=\"async\" loading=\"lazy\" width=\"750\" height=\"971\" src=\"http:\/\/evinigiydir.com\/wp-content\/uploads\/2020\/08\/Evini-Giydir-_-Hayal-evi-10.jpg\" alt=\"\" class=\"wp-image-3924\" srcset=\"http:\/\/evinigiydir.com\/wp-content\/uploads\/2020\/08\/Evini-Giydir-_-Hayal-evi-10.jpg 750w, http:\/\/evinigiydir.com\/wp-content\/uploads\/2020\/08\/Evini-Giydir-_-Hayal-evi-10-232x300.jpg 232w\" sizes=\"(max-width: 750px) 100vw, 750px\" \/><\/figure>\n\n\n\n<figure class=\"wp-block-image\"><img decoding=\"async\" loading=\"lazy\" width=\"750\" height=\"971\" src=\"http:\/\/evinigiydir.com\/wp-content\/uploads\/2020\/08\/Evini-Giydir-_-Hayal-evi-11.jpg\" alt=\"\" class=\"wp-image-3925\" srcset=\"http:\/\/evinigiydir.com\/wp-content\/uploads\/2020\/08\/Evini-Giydir-_-Hayal-evi-11.jpg 750w, http:\/\/evinigiydir.com\/wp-content\/uploads\/2020\/08\/Evini-Giydir-_-Hayal-evi-11-232x300.jpg 232w\" sizes=\"(max-width: 750px) 100vw, 750px\" \/><\/figure>\n\n\n\n<p>\u0130\u00e7 mek\u00e2nda nat\u00fcrel tonlar ile birlikte klasik par\u00e7alar\u0131 bir\narada kulland\u0131klar\u0131n\u0131 yazm\u0131\u015f. \u00d6zellikle aileden kalan yadig\u00e2rlar\u0131 en iyi\n\u015fekilde kullanmay\u0131 hedeflemi\u015fler. Her mobilyan\u0131n do\u011fru \u0131\u015f\u0131kta kimli\u011fini ortaya\nkoymas\u0131na izin vermi\u015fler. Se\u00e7tikleri malzeme paleti her anlamda do\u011fay\u0131 ve ya\u015fam\nsevincini evin her k\u00f6\u015fesine ta\u015f\u0131yor. <\/p>\n\n\n\n<figure class=\"wp-block-image\"><img decoding=\"async\" loading=\"lazy\" width=\"750\" height=\"938\" src=\"http:\/\/evinigiydir.com\/wp-content\/uploads\/2020\/08\/Evini-Giydir-_-Hayal-evi-12.jpg\" alt=\"\" class=\"wp-image-3926\" srcset=\"http:\/\/evinigiydir.com\/wp-content\/uploads\/2020\/08\/Evini-Giydir-_-Hayal-evi-12.jpg 750w, http:\/\/evinigiydir.com\/wp-content\/uploads\/2020\/08\/Evini-Giydir-_-Hayal-evi-12-240x300.jpg 240w\" sizes=\"(max-width: 750px) 100vw, 750px\" \/><\/figure>\n\n\n\n<ul class=\"wp-block-gallery columns-1 is-cropped wp-block-gallery-1 is-layout-flex\"><li class=\"blocks-gallery-item\"><figure><img decoding=\"async\" loading=\"lazy\" width=\"683\" height=\"1024\" src=\"http:\/\/evinigiydir.com\/wp-content\/uploads\/2020\/08\/Evini-Giydir-_-Hayal-evi-15-683x1024.jpg\" alt=\"\" data-id=\"3929\" data-link=\"http:\/\/evinigiydir.com\/?attachment_id=3929\" class=\"wp-image-3929\" srcset=\"http:\/\/evinigiydir.com\/wp-content\/uploads\/2020\/08\/Evini-Giydir-_-Hayal-evi-15-683x1024.jpg 683w, http:\/\/evinigiydir.com\/wp-content\/uploads\/2020\/08\/Evini-Giydir-_-Hayal-evi-15-200x300.jpg 200w, http:\/\/evinigiydir.com\/wp-content\/uploads\/2020\/08\/Evini-Giydir-_-Hayal-evi-15-768x1152.jpg 768w, http:\/\/evinigiydir.com\/wp-content\/uploads\/2020\/08\/Evini-Giydir-_-Hayal-evi-15.jpg 1000w\" sizes=\"(max-width: 683px) 100vw, 683px\" \/><\/figure><\/li><\/ul>\n\n\n\n<p>Tavanda kullan\u0131lan ah\u015fap kiri\u015flerden tutun, ham me\u015feden\nyap\u0131lan kap\u0131lara i\u00e7 mek\u00e2n ve d\u0131\u015f mek\u00e2n uyumu ger\u00e7ek anlamda bir ustal\u0131k\nsergiliyor. <\/p>\n\n\n\n<figure class=\"wp-block-image\"><img decoding=\"async\" loading=\"lazy\" width=\"683\" height=\"1024\" src=\"http:\/\/evinigiydir.com\/wp-content\/uploads\/2020\/08\/zooomy-giannetti-patina-farm-683x1024.jpg\" alt=\"\" class=\"wp-image-3930\" srcset=\"http:\/\/evinigiydir.com\/wp-content\/uploads\/2020\/08\/zooomy-giannetti-patina-farm-683x1024.jpg 683w, http:\/\/evinigiydir.com\/wp-content\/uploads\/2020\/08\/zooomy-giannetti-patina-farm-200x300.jpg 200w, http:\/\/evinigiydir.com\/wp-content\/uploads\/2020\/08\/zooomy-giannetti-patina-farm-768x1152.jpg 768w, http:\/\/evinigiydir.com\/wp-content\/uploads\/2020\/08\/zooomy-giannetti-patina-farm.jpg 1067w\" sizes=\"(max-width: 683px) 100vw, 683px\" \/><\/figure>\n\n\n\n<p>Beni her anlamda hayaller d\u00fcnyas\u0131na dald\u0131ran bu g\u00fczel evi\numar\u0131m siz de be\u011fenmi\u015fsinizdir. Bu tip yaz\u0131lar\u0131 sevenlerdenseniz l\u00fctfen yorum\nb\u0131rak\u0131n, seve seve buradan harika evler payla\u015fabilirim. <\/p>\n\n\n\n<p>Sevgilerimle,<\/p>\n\n\n\n<p>M <\/p>\n","protected":false},"excerpt":{"rendered":"<p>Son zamanlarda ya\u015fad\u0131\u011f\u0131m\u0131z salg\u0131n sebebinden midir yoksa ba\u015fka bir sebepten midir, tam olarak bilemesem de r\u00fcyalardaki \u00e7iftlik evimi hayal ediyorum. Herkesin kalbinde yatan bir aslan vard\u0131r, benimki ise sesiz ve dingin bir \u00e7iftlik evi. \u0130\u015fte bu konuda hayal kurarken tam da arad\u0131\u011f\u0131m eve \u00e7ok yak\u0131n bir evi bulma \u015fans\u0131na sahip oldum. Bu d\u00fcnya g\u00fczeli ev Giannetti mimarl\u0131k taraf\u0131ndan kendi evleri olarak tasarlanm\u0131\u015f. Bayan Brooke Giannetti tam da kendini dingin hissedebilece\u011fi bir vaha hayali kurarak tasarlam\u0131\u015f evi ( tam benlik!). kar\u0131 koca olarak kurduklar\u0131 ve \u00e7al\u0131\u015ft\u0131klar\u0131 mimarl\u0131k ofislerini hi\u00e7 b\u00fcy\u00fctmek istememi\u015fler, kendi zamanlar\u0131n\u0131 kendi sevdikleri gibi planlamay\u0131 seven \u00e7ift, i\u015flerini m\u00fctevaz\u0131 tutarak huzuru bulduklar\u0131n\u0131 s\u00f6yl\u00fcyor. Bug\u00fcn toplam 4 ki\u015fiden olu\u015fan ofislerinde t\u00fcm bireyler evlerinden \u00e7al\u0131\u015f\u0131yor ve t\u00fcm i\u015flerini \u00e7evrimi\u00e7i olarak \u00e7\u00f6z\u00fcyorlar. Tam olarak ayn\u0131 \u015fekilde \u00e7al\u0131\u015fan bir insan olarak bana benzeyen meslekta\u015flar g\u00f6rmek inan\u0131n zemzem suyu etkisi yaratt\u0131 v\u00fccudumda. Tek katl\u0131 Frans\u0131z \u00e7iftlik mimarinden etkilenen \u00e7ift, evlerini peyzaj i\u00e7inde kaybolmas\u0131 i\u00e7in tasarlanm\u0131\u015f. Bu detay\u0131 tam olarak ger\u00e7ekle\u015ftire bilen nadir projelerden. Do\u011fal renklerden, al\u00e7akg\u00f6n\u00fcll\u00fc materyaller kullanarak tam olarak bir vaha yaratt\u0131klar\u0131n\u0131 s\u00f6yleyebilirim. \u0130klimin elveri\u015flili\u011fini en iyi \u015fekilde kullanarak, b\u00fcy\u00fck a\u00e7\u0131kl\u0131klar ile her mek\u00e2n\u0131 do\u011fal \u0131\u015f\u0131k ile doldurduklar\u0131n\u0131 ve y\u0131l\u0131n her mevsiminde bah\u00e7enin g\u00fczelli\u011fini ya\u015fad\u0131klar\u0131n\u0131 s\u00f6yl\u00fcyor. \u0130\u00e7 mek\u00e2nda nat\u00fcrel tonlar ile birlikte klasik par\u00e7alar\u0131 bir arada kulland\u0131klar\u0131n\u0131 yazm\u0131\u015f. \u00d6zellikle aileden kalan yadig\u00e2rlar\u0131 en iyi \u015fekilde kullanmay\u0131 hedeflemi\u015fler. Her mobilyan\u0131n do\u011fru \u0131\u015f\u0131kta kimli\u011fini ortaya koymas\u0131na izin vermi\u015fler. Se\u00e7tikleri malzeme paleti her anlamda do\u011fay\u0131 ve ya\u015fam sevincini evin her k\u00f6\u015fesine ta\u015f\u0131yor. Tavanda kullan\u0131lan ah\u015fap kiri\u015flerden tutun, ham me\u015feden yap\u0131lan kap\u0131lara i\u00e7 mek\u00e2n ve d\u0131\u015f mek\u00e2n uyumu ger\u00e7ek anlamda bir ustal\u0131k sergiliyor. Beni her anlamda hayaller d\u00fcnyas\u0131na dald\u0131ran bu g\u00fczel evi umar\u0131m siz de be\u011fenmi\u015fsinizdir. Bu tip yaz\u0131lar\u0131 sevenlerdenseniz l\u00fctfen yorum b\u0131rak\u0131n, seve seve buradan harika evler payla\u015fabilirim. Sevgilerimle, M<\/p>\n","protected":false},"author":2,"featured_media":3931,"comment_status":"closed","ping_status":"open","sticky":false,"template":"","format":"standard","meta":[],"categories":[57],"tags":[],"post_mailing_queue_ids":[],"_links":{"self":[{"href":"http:\/\/evinigiydir.com\/index.php\/wp-json\/wp\/v2\/posts\/3915"}],"collection":[{"href":"http:\/\/evinigiydir.com\/index.php\/wp-json\/wp\/v2\/posts"}],"about":[{"href":"http:\/\/evinigiydir.com\/index.php\/wp-json\/wp\/v2\/types\/post"}],"author":[{"embeddable":true,"href":"http:\/\/evinigiydir.com\/index.php\/wp-json\/wp\/v2\/users\/2"}],"replies":[{"embeddable":true,"href":"http:\/\/evinigiydir.com\/index.php\/wp-json\/wp\/v2\/comments?post=3915"}],"version-history":[{"count":1,"href":"http:\/\/evinigiydir.com\/index.php\/wp-json\/wp\/v2\/posts\/3915\/revisions"}],"predecessor-version":[{"id":3932,"href":"http:\/\/evinigiydir.com\/index.php\/wp-json\/wp\/v2\/posts\/3915\/revisions\/3932"}],"wp:featuredmedia":[{"embeddable":true,"href":"http:\/\/evinigiydir.com\/index.php\/wp-json\/wp\/v2\/media\/3931"}],"wp:attachment":[{"href":"http:\/\/evinigiydir.com\/index.php\/wp-json\/wp\/v2\/media?parent=3915"}],"wp:term":[{"taxonomy":"category","embeddable":true,"href":"http:\/\/evinigiydir.com\/index.php\/wp-json\/wp\/v2\/categories?post=3915"},{"taxonomy":"post_tag","embeddable":true,"href":"http:\/\/evinigiydir.com\/index.php\/wp-json\/wp\/v2\/tags?post=3915"}],"curies":[{"name":"wp","href":"https:\/\/api.w.org\/{rel}","templated":true}]}}