{"id":3630,"date":"2019-07-30T16:18:44","date_gmt":"2019-07-30T13:18:44","guid":{"rendered":"http:\/\/evinigiydir.com\/?p=3630"},"modified":"2021-10-09T17:04:01","modified_gmt":"2021-10-09T14:04:01","slug":"cilgin-renkler-ve-guzel-mekanlar","status":"publish","type":"post","link":"http:\/\/evinigiydir.com\/index.php\/2019\/07\/30\/cilgin-renkler-ve-guzel-mekanlar\/","title":{"rendered":"\u00c7\u0131lg\u0131n Renkler Ve G\u00fczel Mek\u00e2nlar"},"content":{"rendered":"\n<p>\u0130tiraf etmeliyim ki son 3 senedir, nat\u00fcrel tonlar ve materyaller \u00e7ok pop\u00fcler. Dingin bir hayat \u00f6zlemi \u00e7ekti\u011fimizden midir? Yoksa \u015fehir hayat\u0131n\u0131n maksimize tarz\u0131ndan m\u0131d\u0131r? Bilemiyorum ama ger\u00e7ekten payla\u015f\u0131mlar\u0131m\u0131z\u0131n \u00e7o\u011fu bu do\u011fal doku ve pastel tonlar \u00fczerine oluyor. \u00a0Sevgili Neslihan Han\u0131m&#8217;\u0131n hat\u0131rlatmas\u0131na kadar bunun bu kadar fark\u0131nda olmad\u0131\u011f\u0131m\u0131 itiraf etmeliyim. Oysa bundan 5 sene \u00f6nce eklektik detaylarla, her t\u00fcrl\u00fc canl\u0131 rengi bir arada kullan\u0131yorduk. <\/p>\n\n\n\n<figure class=\"wp-block-image\"><img decoding=\"async\" loading=\"lazy\" width=\"1000\" height=\"666\" src=\"http:\/\/evinigiydir.com\/wp-content\/uploads\/2019\/07\/Evini-Giydir_-\u00c7\u0131lg\u0131n-renler-ve-g\u00fczel-mekanlar-12.jpg\" alt=\"\" class=\"wp-image-3631\" srcset=\"http:\/\/evinigiydir.com\/wp-content\/uploads\/2019\/07\/Evini-Giydir_-\u00c7\u0131lg\u0131n-renler-ve-g\u00fczel-mekanlar-12.jpg 1000w, http:\/\/evinigiydir.com\/wp-content\/uploads\/2019\/07\/Evini-Giydir_-\u00c7\u0131lg\u0131n-renler-ve-g\u00fczel-mekanlar-12-300x200.jpg 300w, http:\/\/evinigiydir.com\/wp-content\/uploads\/2019\/07\/Evini-Giydir_-\u00c7\u0131lg\u0131n-renler-ve-g\u00fczel-mekanlar-12-768x511.jpg 768w\" sizes=\"(max-width: 1000px) 100vw, 1000px\" \/><\/figure>\n\n\n\n<figure class=\"wp-block-image\"><img decoding=\"async\" loading=\"lazy\" width=\"687\" height=\"1024\" src=\"http:\/\/evinigiydir.com\/wp-content\/uploads\/2019\/07\/Evini-Giydir_-\u00c7\u0131lg\u0131n-renler-ve-g\u00fczel-mekanlar-11-687x1024.jpg\" alt=\"\" class=\"wp-image-3645\" srcset=\"http:\/\/evinigiydir.com\/wp-content\/uploads\/2019\/07\/Evini-Giydir_-\u00c7\u0131lg\u0131n-renler-ve-g\u00fczel-mekanlar-11-687x1024.jpg 687w, http:\/\/evinigiydir.com\/wp-content\/uploads\/2019\/07\/Evini-Giydir_-\u00c7\u0131lg\u0131n-renler-ve-g\u00fczel-mekanlar-11-201x300.jpg 201w, http:\/\/evinigiydir.com\/wp-content\/uploads\/2019\/07\/Evini-Giydir_-\u00c7\u0131lg\u0131n-renler-ve-g\u00fczel-mekanlar-11.jpg 750w\" sizes=\"(max-width: 687px) 100vw, 687px\" \/><\/figure>\n\n\n\n<p>Neslihan Han\u0131m\u2019a buradan sevgilerimi iletiyorum. Kendisinin\nilham olmas\u0131 ile renkleri en iyi kullanan 4 tasar\u0131mc\u0131n\u0131n, bay\u0131ld\u0131\u011f\u0131m detaylar\u0131\nile ilgili harika g\u00f6rseller haz\u0131rlad\u0131m. E\u011fer canl\u0131 renkleri seviyorsan\u0131z bu\nyaz\u0131y\u0131 seveceksiniz. <\/p>\n\n\n\n<figure class=\"wp-block-image\"><img decoding=\"async\" loading=\"lazy\" width=\"1024\" height=\"696\" src=\"http:\/\/evinigiydir.com\/wp-content\/uploads\/2019\/07\/Evini-Giydir_-\u00c7\u0131lg\u0131n-renler-ve-g\u00fczel-mekanlar-07-1024x696.jpg\" alt=\"\" class=\"wp-image-3632\" srcset=\"http:\/\/evinigiydir.com\/wp-content\/uploads\/2019\/07\/Evini-Giydir_-\u00c7\u0131lg\u0131n-renler-ve-g\u00fczel-mekanlar-07-1024x696.jpg 1024w, http:\/\/evinigiydir.com\/wp-content\/uploads\/2019\/07\/Evini-Giydir_-\u00c7\u0131lg\u0131n-renler-ve-g\u00fczel-mekanlar-07-300x204.jpg 300w, http:\/\/evinigiydir.com\/wp-content\/uploads\/2019\/07\/Evini-Giydir_-\u00c7\u0131lg\u0131n-renler-ve-g\u00fczel-mekanlar-07-768x522.jpg 768w, http:\/\/evinigiydir.com\/wp-content\/uploads\/2019\/07\/Evini-Giydir_-\u00c7\u0131lg\u0131n-renler-ve-g\u00fczel-mekanlar-07-1200x815.jpg 1200w, http:\/\/evinigiydir.com\/wp-content\/uploads\/2019\/07\/Evini-Giydir_-\u00c7\u0131lg\u0131n-renler-ve-g\u00fczel-mekanlar-07.jpg 1500w\" sizes=\"(max-width: 1024px) 100vw, 1024px\" \/><\/figure>\n\n\n\n<p>\u00d6zellikle canl\u0131 renkleri yumu\u015fac\u0131k \u015fekilde bir araya getiren\nG\u0131na Sims\u2019in renkli mobilyalar\u0131na bay\u0131l\u0131yoruz. \u00d6zellikle masif sandalyeleri en\ncanl\u0131 renklerde kullanarak \u00e7ok keyifli detaylar olu\u015fturuyor. Antrasit ve beyaz\ntonlar\u0131 ile kontrast yaparak mekandaki renkleri ve dokular\u0131 daha g\u00f6r\u00fcn\u00fcr hale\ngetirmeyi ba\u015farm\u0131\u015f duruyor. &nbsp;En\nsevdi\u011fimiz detay her rengi ayn\u0131 anda kullanmas\u0131. <\/p>\n\n\n\n<figure class=\"wp-block-image\"><img decoding=\"async\" loading=\"lazy\" width=\"1024\" height=\"681\" src=\"http:\/\/evinigiydir.com\/wp-content\/uploads\/2019\/07\/Evini-Giydir_-\u00c7\u0131lg\u0131n-renler-ve-g\u00fczel-mekanlar-09-1024x681.jpg\" alt=\"\" class=\"wp-image-3634\" srcset=\"http:\/\/evinigiydir.com\/wp-content\/uploads\/2019\/07\/Evini-Giydir_-\u00c7\u0131lg\u0131n-renler-ve-g\u00fczel-mekanlar-09-1024x681.jpg 1024w, http:\/\/evinigiydir.com\/wp-content\/uploads\/2019\/07\/Evini-Giydir_-\u00c7\u0131lg\u0131n-renler-ve-g\u00fczel-mekanlar-09-300x200.jpg 300w, http:\/\/evinigiydir.com\/wp-content\/uploads\/2019\/07\/Evini-Giydir_-\u00c7\u0131lg\u0131n-renler-ve-g\u00fczel-mekanlar-09-768x511.jpg 768w, http:\/\/evinigiydir.com\/wp-content\/uploads\/2019\/07\/Evini-Giydir_-\u00c7\u0131lg\u0131n-renler-ve-g\u00fczel-mekanlar-09-1200x798.jpg 1200w, http:\/\/evinigiydir.com\/wp-content\/uploads\/2019\/07\/Evini-Giydir_-\u00c7\u0131lg\u0131n-renler-ve-g\u00fczel-mekanlar-09.jpg 1500w\" sizes=\"(max-width: 1024px) 100vw, 1024px\" \/><\/figure>\n\n\n\n<figure class=\"wp-block-image\"><img decoding=\"async\" loading=\"lazy\" width=\"1000\" height=\"700\" src=\"http:\/\/evinigiydir.com\/wp-content\/uploads\/2019\/07\/Evini-Giydir_-\u00c7\u0131lg\u0131n-renler-ve-g\u00fczel-mekanlar-13.jpg\" alt=\"\" class=\"wp-image-3635\" srcset=\"http:\/\/evinigiydir.com\/wp-content\/uploads\/2019\/07\/Evini-Giydir_-\u00c7\u0131lg\u0131n-renler-ve-g\u00fczel-mekanlar-13.jpg 1000w, http:\/\/evinigiydir.com\/wp-content\/uploads\/2019\/07\/Evini-Giydir_-\u00c7\u0131lg\u0131n-renler-ve-g\u00fczel-mekanlar-13-300x210.jpg 300w, http:\/\/evinigiydir.com\/wp-content\/uploads\/2019\/07\/Evini-Giydir_-\u00c7\u0131lg\u0131n-renler-ve-g\u00fczel-mekanlar-13-768x538.jpg 768w\" sizes=\"(max-width: 1000px) 100vw, 1000px\" \/><\/figure>\n\n\n\n<figure class=\"wp-block-image\"><img decoding=\"async\" loading=\"lazy\" width=\"691\" height=\"1024\" src=\"http:\/\/evinigiydir.com\/wp-content\/uploads\/2019\/07\/Evini-Giydir_-\u00c7\u0131lg\u0131n-renler-ve-g\u00fczel-mekanlar-10-691x1024.jpg\" alt=\"\" class=\"wp-image-3636\" srcset=\"http:\/\/evinigiydir.com\/wp-content\/uploads\/2019\/07\/Evini-Giydir_-\u00c7\u0131lg\u0131n-renler-ve-g\u00fczel-mekanlar-10-691x1024.jpg 691w, http:\/\/evinigiydir.com\/wp-content\/uploads\/2019\/07\/Evini-Giydir_-\u00c7\u0131lg\u0131n-renler-ve-g\u00fczel-mekanlar-10-203x300.jpg 203w, http:\/\/evinigiydir.com\/wp-content\/uploads\/2019\/07\/Evini-Giydir_-\u00c7\u0131lg\u0131n-renler-ve-g\u00fczel-mekanlar-10.jpg 750w\" sizes=\"(max-width: 691px) 100vw, 691px\" \/><\/figure>\n\n\n\n<p>Mask\u00fclen tonlar\u0131n kral\u0131 Boby Berk. Kendisini netflix\u2019de\nyay\u0131nlanan fab 5 program\u0131ndan tan\u0131yabilirsiniz. Kesinlikle koyu tonlarla\n\u00e7al\u0131\u015fmay\u0131 seviyor, \u00e7ok renkli detaylar olmasa da siyah ve lacivert ile \u00e7al\u0131\u015fmak\nher zaman kolay de\u011fil. Mek\u00e2na bu derin tonlarla karakter kazand\u0131r\u0131yor. \u00d6zellikle\nkeskin detaylar kullanmas\u0131na ra\u011fmen s\u0131cak bir ortam yaratmay\u0131 ba\u015farmas\u0131 \u00f6zellikle\nsevdi\u011fimiz detaylar\u0131ndan biri. <\/p>\n\n\n\n<figure class=\"wp-block-image\"><img decoding=\"async\" loading=\"lazy\" width=\"1024\" height=\"682\" src=\"http:\/\/evinigiydir.com\/wp-content\/uploads\/2019\/07\/Evini-Giydir_-\u00c7\u0131lg\u0131n-renler-ve-g\u00fczel-mekanlar-03-1024x682.jpg\" alt=\"\" class=\"wp-image-3637\" srcset=\"http:\/\/evinigiydir.com\/wp-content\/uploads\/2019\/07\/Evini-Giydir_-\u00c7\u0131lg\u0131n-renler-ve-g\u00fczel-mekanlar-03-1024x682.jpg 1024w, http:\/\/evinigiydir.com\/wp-content\/uploads\/2019\/07\/Evini-Giydir_-\u00c7\u0131lg\u0131n-renler-ve-g\u00fczel-mekanlar-03-300x200.jpg 300w, http:\/\/evinigiydir.com\/wp-content\/uploads\/2019\/07\/Evini-Giydir_-\u00c7\u0131lg\u0131n-renler-ve-g\u00fczel-mekanlar-03-768x512.jpg 768w, http:\/\/evinigiydir.com\/wp-content\/uploads\/2019\/07\/Evini-Giydir_-\u00c7\u0131lg\u0131n-renler-ve-g\u00fczel-mekanlar-03-1200x800.jpg 1200w, http:\/\/evinigiydir.com\/wp-content\/uploads\/2019\/07\/Evini-Giydir_-\u00c7\u0131lg\u0131n-renler-ve-g\u00fczel-mekanlar-03.jpg 1280w\" sizes=\"(max-width: 1024px) 100vw, 1024px\" \/><figcaption>QUEER EYE<\/figcaption><\/figure>\n\n\n\n<figure class=\"wp-block-image\"><img decoding=\"async\" loading=\"lazy\" width=\"1024\" height=\"682\" src=\"http:\/\/evinigiydir.com\/wp-content\/uploads\/2019\/07\/Evini-Giydir_-\u00c7\u0131lg\u0131n-renler-ve-g\u00fczel-mekanlar-05a-1024x682.jpg\" alt=\"\" class=\"wp-image-3638\" srcset=\"http:\/\/evinigiydir.com\/wp-content\/uploads\/2019\/07\/Evini-Giydir_-\u00c7\u0131lg\u0131n-renler-ve-g\u00fczel-mekanlar-05a-1024x682.jpg 1024w, http:\/\/evinigiydir.com\/wp-content\/uploads\/2019\/07\/Evini-Giydir_-\u00c7\u0131lg\u0131n-renler-ve-g\u00fczel-mekanlar-05a-300x200.jpg 300w, http:\/\/evinigiydir.com\/wp-content\/uploads\/2019\/07\/Evini-Giydir_-\u00c7\u0131lg\u0131n-renler-ve-g\u00fczel-mekanlar-05a-768x512.jpg 768w, http:\/\/evinigiydir.com\/wp-content\/uploads\/2019\/07\/Evini-Giydir_-\u00c7\u0131lg\u0131n-renler-ve-g\u00fczel-mekanlar-05a-1200x800.jpg 1200w, http:\/\/evinigiydir.com\/wp-content\/uploads\/2019\/07\/Evini-Giydir_-\u00c7\u0131lg\u0131n-renler-ve-g\u00fczel-mekanlar-05a.jpg 1280w\" sizes=\"(max-width: 1024px) 100vw, 1024px\" \/><figcaption>QUEER EYE<\/figcaption><\/figure>\n\n\n\n<figure class=\"wp-block-image\"><img decoding=\"async\" loading=\"lazy\" width=\"1024\" height=\"682\" src=\"http:\/\/evinigiydir.com\/wp-content\/uploads\/2019\/07\/Evini-Giydir_-\u00c7\u0131lg\u0131n-renler-ve-g\u00fczel-mekanlar-02-1024x682.jpg\" alt=\"\" class=\"wp-image-3639\" srcset=\"http:\/\/evinigiydir.com\/wp-content\/uploads\/2019\/07\/Evini-Giydir_-\u00c7\u0131lg\u0131n-renler-ve-g\u00fczel-mekanlar-02-1024x682.jpg 1024w, http:\/\/evinigiydir.com\/wp-content\/uploads\/2019\/07\/Evini-Giydir_-\u00c7\u0131lg\u0131n-renler-ve-g\u00fczel-mekanlar-02-300x200.jpg 300w, http:\/\/evinigiydir.com\/wp-content\/uploads\/2019\/07\/Evini-Giydir_-\u00c7\u0131lg\u0131n-renler-ve-g\u00fczel-mekanlar-02-768x512.jpg 768w, http:\/\/evinigiydir.com\/wp-content\/uploads\/2019\/07\/Evini-Giydir_-\u00c7\u0131lg\u0131n-renler-ve-g\u00fczel-mekanlar-02-1200x800.jpg 1200w, http:\/\/evinigiydir.com\/wp-content\/uploads\/2019\/07\/Evini-Giydir_-\u00c7\u0131lg\u0131n-renler-ve-g\u00fczel-mekanlar-02.jpg 1280w\" sizes=\"(max-width: 1024px) 100vw, 1024px\" \/><figcaption>QUEER EYE<\/figcaption><\/figure>\n\n\n\n<p>Renkleri ve geometrileri inan\u0131lmaz bir \u015fekilde kullanan bir\ndi\u011fer tasar\u0131mc\u0131 ise Jonathan Adler. Canl\u0131 renkleri genellikle beyaz kontast\u0131\ni\u00e7inde kullan\u0131rken maksimize detaylar kullan\u0131yor. Kendisinin \u00f6zel tasarlad\u0131\u011f\u0131\nbir mobilya ve aksesuar markas\u0131 var. \u00d6zellikle masa ayd\u0131nlatmalar\u0131na \u00e2\u015f\u0131k\noldu\u011fumu s\u00f6ylemeden ge\u00e7ememe\u011fim. Kendisine derin bir sayg\u0131 duysam da, bu her\n\u015feyi ayn\u0131 anda kullanma tarz\u0131 beni biraz yoruyor. \u00d6zellikle \u00e7i\u00e7ekli ve\ngeometrik desenleri ayn\u0131 anda ve ayn\u0131 yo\u011funlukta kullanarak mekan\u0131\nbask\u0131lad\u0131\u011f\u0131n\u0131 d\u00fc\u015f\u00fcn\u00fcyorum. <\/p>\n\n\n\n<figure class=\"wp-block-image\"><img decoding=\"async\" loading=\"lazy\" width=\"1020\" height=\"550\" src=\"http:\/\/evinigiydir.com\/wp-content\/uploads\/2019\/07\/Evini-Giydir_-\u00c7\u0131lg\u0131n-renler-ve-g\u00fczel-mekanlar-15.jpg\" alt=\"\" class=\"wp-image-3640\" srcset=\"http:\/\/evinigiydir.com\/wp-content\/uploads\/2019\/07\/Evini-Giydir_-\u00c7\u0131lg\u0131n-renler-ve-g\u00fczel-mekanlar-15.jpg 1020w, http:\/\/evinigiydir.com\/wp-content\/uploads\/2019\/07\/Evini-Giydir_-\u00c7\u0131lg\u0131n-renler-ve-g\u00fczel-mekanlar-15-300x162.jpg 300w, http:\/\/evinigiydir.com\/wp-content\/uploads\/2019\/07\/Evini-Giydir_-\u00c7\u0131lg\u0131n-renler-ve-g\u00fczel-mekanlar-15-768x414.jpg 768w\" sizes=\"(max-width: 1020px) 100vw, 1020px\" \/><\/figure>\n\n\n\n<figure class=\"wp-block-image\"><img decoding=\"async\" loading=\"lazy\" width=\"1020\" height=\"550\" src=\"http:\/\/evinigiydir.com\/wp-content\/uploads\/2019\/07\/Evini-Giydir_-\u00c7\u0131lg\u0131n-renler-ve-g\u00fczel-mekanlar-22.jpg\" alt=\"\" class=\"wp-image-3641\" srcset=\"http:\/\/evinigiydir.com\/wp-content\/uploads\/2019\/07\/Evini-Giydir_-\u00c7\u0131lg\u0131n-renler-ve-g\u00fczel-mekanlar-22.jpg 1020w, http:\/\/evinigiydir.com\/wp-content\/uploads\/2019\/07\/Evini-Giydir_-\u00c7\u0131lg\u0131n-renler-ve-g\u00fczel-mekanlar-22-300x162.jpg 300w, http:\/\/evinigiydir.com\/wp-content\/uploads\/2019\/07\/Evini-Giydir_-\u00c7\u0131lg\u0131n-renler-ve-g\u00fczel-mekanlar-22-768x414.jpg 768w\" sizes=\"(max-width: 1020px) 100vw, 1020px\" \/><\/figure>\n\n\n\n<figure class=\"wp-block-image\"><img decoding=\"async\" loading=\"lazy\" width=\"1020\" height=\"550\" src=\"http:\/\/evinigiydir.com\/wp-content\/uploads\/2019\/07\/Evini-Giydir_-\u00c7\u0131lg\u0131n-renler-ve-g\u00fczel-mekanlar-18.jpg\" alt=\"\" class=\"wp-image-3642\" srcset=\"http:\/\/evinigiydir.com\/wp-content\/uploads\/2019\/07\/Evini-Giydir_-\u00c7\u0131lg\u0131n-renler-ve-g\u00fczel-mekanlar-18.jpg 1020w, http:\/\/evinigiydir.com\/wp-content\/uploads\/2019\/07\/Evini-Giydir_-\u00c7\u0131lg\u0131n-renler-ve-g\u00fczel-mekanlar-18-300x162.jpg 300w, http:\/\/evinigiydir.com\/wp-content\/uploads\/2019\/07\/Evini-Giydir_-\u00c7\u0131lg\u0131n-renler-ve-g\u00fczel-mekanlar-18-768x414.jpg 768w\" sizes=\"(max-width: 1020px) 100vw, 1020px\" \/><\/figure>\n\n\n\n<p>Maksimal detaylardan devam etmek istiyorum. Her \u015feyi\nabartman\u0131n krali\u00e7esi Say\u0131n Kelly Wearstler, mek\u00e2nlar\u0131 domine etme konusunda\nusta. Evet kesinlikle bu tarz herkese uygun de\u011fil ama detaylar\u0131n bir araya\ngeli\u015f \u015fekli sofistike ve \u015fa\u015fal\u0131 bir hava yaratmay\u0131 ba\u015far\u0131yor. <\/p>\n\n\n\n<figure class=\"wp-block-image\"><img decoding=\"async\" loading=\"lazy\" width=\"1024\" height=\"433\" src=\"http:\/\/evinigiydir.com\/wp-content\/uploads\/2019\/07\/Evini-Giydir_-\u00c7\u0131lg\u0131n-renler-ve-g\u00fczel-mekanlar-21-1024x433.jpg\" alt=\"\" class=\"wp-image-3643\" srcset=\"http:\/\/evinigiydir.com\/wp-content\/uploads\/2019\/07\/Evini-Giydir_-\u00c7\u0131lg\u0131n-renler-ve-g\u00fczel-mekanlar-21-1024x433.jpg 1024w, http:\/\/evinigiydir.com\/wp-content\/uploads\/2019\/07\/Evini-Giydir_-\u00c7\u0131lg\u0131n-renler-ve-g\u00fczel-mekanlar-21-300x127.jpg 300w, http:\/\/evinigiydir.com\/wp-content\/uploads\/2019\/07\/Evini-Giydir_-\u00c7\u0131lg\u0131n-renler-ve-g\u00fczel-mekanlar-21-768x325.jpg 768w, http:\/\/evinigiydir.com\/wp-content\/uploads\/2019\/07\/Evini-Giydir_-\u00c7\u0131lg\u0131n-renler-ve-g\u00fczel-mekanlar-21-1200x508.jpg 1200w\" sizes=\"(max-width: 1024px) 100vw, 1024px\" \/><\/figure>\n\n\n\n<figure class=\"wp-block-image\"><img decoding=\"async\" loading=\"lazy\" width=\"1024\" height=\"576\" src=\"http:\/\/evinigiydir.com\/wp-content\/uploads\/2019\/07\/Evini-Giydir_-\u00c7\u0131lg\u0131n-renler-ve-g\u00fczel-mekanlar-19-1024x576.jpg\" alt=\"\" class=\"wp-image-3644\" srcset=\"http:\/\/evinigiydir.com\/wp-content\/uploads\/2019\/07\/Evini-Giydir_-\u00c7\u0131lg\u0131n-renler-ve-g\u00fczel-mekanlar-19-1024x576.jpg 1024w, http:\/\/evinigiydir.com\/wp-content\/uploads\/2019\/07\/Evini-Giydir_-\u00c7\u0131lg\u0131n-renler-ve-g\u00fczel-mekanlar-19-300x169.jpg 300w, http:\/\/evinigiydir.com\/wp-content\/uploads\/2019\/07\/Evini-Giydir_-\u00c7\u0131lg\u0131n-renler-ve-g\u00fczel-mekanlar-19-768x432.jpg 768w, http:\/\/evinigiydir.com\/wp-content\/uploads\/2019\/07\/Evini-Giydir_-\u00c7\u0131lg\u0131n-renler-ve-g\u00fczel-mekanlar-19-1200x675.jpg 1200w\" sizes=\"(max-width: 1024px) 100vw, 1024px\" \/><\/figure>\n\n\n\n<figure class=\"wp-block-image\"><img decoding=\"async\" loading=\"lazy\" width=\"1024\" height=\"926\" src=\"http:\/\/evinigiydir.com\/wp-content\/uploads\/2019\/07\/Evini-Giydir_-\u00c7\u0131lg\u0131n-renler-ve-g\u00fczel-mekanlar-20-1-1024x926.jpg\" alt=\"\" class=\"wp-image-3646\" srcset=\"http:\/\/evinigiydir.com\/wp-content\/uploads\/2019\/07\/Evini-Giydir_-\u00c7\u0131lg\u0131n-renler-ve-g\u00fczel-mekanlar-20-1-1024x926.jpg 1024w, http:\/\/evinigiydir.com\/wp-content\/uploads\/2019\/07\/Evini-Giydir_-\u00c7\u0131lg\u0131n-renler-ve-g\u00fczel-mekanlar-20-1-300x271.jpg 300w, http:\/\/evinigiydir.com\/wp-content\/uploads\/2019\/07\/Evini-Giydir_-\u00c7\u0131lg\u0131n-renler-ve-g\u00fczel-mekanlar-20-1-768x694.jpg 768w, http:\/\/evinigiydir.com\/wp-content\/uploads\/2019\/07\/Evini-Giydir_-\u00c7\u0131lg\u0131n-renler-ve-g\u00fczel-mekanlar-20-1-1200x1085.jpg 1200w, http:\/\/evinigiydir.com\/wp-content\/uploads\/2019\/07\/Evini-Giydir_-\u00c7\u0131lg\u0131n-renler-ve-g\u00fczel-mekanlar-20-1.jpg 1593w\" sizes=\"(max-width: 1024px) 100vw, 1024px\" \/><\/figure>\n\n\n\n<p>Umar\u0131m renkli detaylar sizlere de ilham vermi\u015ftir. Renklerin\nkesinlikle hayat\u0131m\u0131za pozitif etkileri var. Bu sebeple sevdi\u011finiz tonlar\u0131 hayat\u0131n\u0131zda\nbar\u0131nd\u0131rmay\u0131 atlamay\u0131n. Neslihan Han\u0131m\u2019\u0131n \u00f6nerisine g\u00f6re yazd\u0131\u011f\u0131m\u0131z bu blog\nyaz\u0131s\u0131n\u0131 umar\u0131m sizde be\u011fenmi\u015fsinizdir. Sizin de incelememizi istedi\u011finiz bir\nkonu varsa bize buradan ula\u015fabilirsiniz. <\/p>\n\n\n\n<p>Sevgilerimle,<\/p>\n\n\n\n<p>M <\/p>\n","protected":false},"excerpt":{"rendered":"<p>\u0130tiraf etmeliyim ki son 3 senedir, nat\u00fcrel tonlar ve materyaller \u00e7ok pop\u00fcler. Dingin bir hayat \u00f6zlemi \u00e7ekti\u011fimizden midir? Yoksa \u015fehir hayat\u0131n\u0131n maksimize tarz\u0131ndan m\u0131d\u0131r? Bilemiyorum ama ger\u00e7ekten payla\u015f\u0131mlar\u0131m\u0131z\u0131n \u00e7o\u011fu bu do\u011fal doku ve pastel tonlar \u00fczerine oluyor. \u00a0Sevgili Neslihan Han\u0131m&#8217;\u0131n hat\u0131rlatmas\u0131na kadar bunun bu kadar fark\u0131nda olmad\u0131\u011f\u0131m\u0131 itiraf etmeliyim. Oysa bundan 5 sene \u00f6nce eklektik detaylarla, her t\u00fcrl\u00fc canl\u0131 rengi bir arada kullan\u0131yorduk. Neslihan Han\u0131m\u2019a buradan sevgilerimi iletiyorum. Kendisinin ilham olmas\u0131 ile renkleri en iyi kullanan 4 tasar\u0131mc\u0131n\u0131n, bay\u0131ld\u0131\u011f\u0131m detaylar\u0131 ile ilgili harika g\u00f6rseller haz\u0131rlad\u0131m. E\u011fer canl\u0131 renkleri seviyorsan\u0131z bu yaz\u0131y\u0131 seveceksiniz. \u00d6zellikle canl\u0131 renkleri yumu\u015fac\u0131k \u015fekilde bir araya getiren G\u0131na Sims\u2019in renkli mobilyalar\u0131na bay\u0131l\u0131yoruz. \u00d6zellikle masif sandalyeleri en canl\u0131 renklerde kullanarak \u00e7ok keyifli detaylar olu\u015fturuyor. Antrasit ve beyaz tonlar\u0131 ile kontrast yaparak mekandaki renkleri ve dokular\u0131 daha g\u00f6r\u00fcn\u00fcr hale getirmeyi ba\u015farm\u0131\u015f duruyor. &nbsp;En sevdi\u011fimiz detay her rengi ayn\u0131 anda kullanmas\u0131. Mask\u00fclen tonlar\u0131n kral\u0131 Boby Berk. Kendisini netflix\u2019de yay\u0131nlanan fab 5 program\u0131ndan tan\u0131yabilirsiniz. Kesinlikle koyu tonlarla \u00e7al\u0131\u015fmay\u0131 seviyor, \u00e7ok renkli detaylar olmasa da siyah ve lacivert ile \u00e7al\u0131\u015fmak her zaman kolay de\u011fil. Mek\u00e2na bu derin tonlarla karakter kazand\u0131r\u0131yor. \u00d6zellikle keskin detaylar kullanmas\u0131na ra\u011fmen s\u0131cak bir ortam yaratmay\u0131 ba\u015farmas\u0131 \u00f6zellikle sevdi\u011fimiz detaylar\u0131ndan biri. Renkleri ve geometrileri inan\u0131lmaz bir \u015fekilde kullanan bir di\u011fer tasar\u0131mc\u0131 ise Jonathan Adler. Canl\u0131 renkleri genellikle beyaz kontast\u0131 i\u00e7inde kullan\u0131rken maksimize detaylar kullan\u0131yor. Kendisinin \u00f6zel tasarlad\u0131\u011f\u0131 bir mobilya ve aksesuar markas\u0131 var. \u00d6zellikle masa ayd\u0131nlatmalar\u0131na \u00e2\u015f\u0131k oldu\u011fumu s\u00f6ylemeden ge\u00e7ememe\u011fim. Kendisine derin bir sayg\u0131 duysam da, bu her \u015feyi ayn\u0131 anda kullanma tarz\u0131 beni biraz yoruyor. \u00d6zellikle \u00e7i\u00e7ekli ve geometrik desenleri ayn\u0131 anda ve ayn\u0131 yo\u011funlukta kullanarak mekan\u0131 bask\u0131lad\u0131\u011f\u0131n\u0131 d\u00fc\u015f\u00fcn\u00fcyorum. Maksimal detaylardan devam etmek istiyorum. Her \u015feyi abartman\u0131n krali\u00e7esi Say\u0131n Kelly Wearstler, mek\u00e2nlar\u0131 domine etme konusunda usta. Evet kesinlikle bu tarz herkese uygun de\u011fil ama detaylar\u0131n bir araya geli\u015f \u015fekli sofistike ve \u015fa\u015fal\u0131 bir hava yaratmay\u0131 ba\u015far\u0131yor. Umar\u0131m renkli detaylar sizlere de ilham vermi\u015ftir. Renklerin kesinlikle hayat\u0131m\u0131za pozitif etkileri var. Bu sebeple sevdi\u011finiz tonlar\u0131 hayat\u0131n\u0131zda bar\u0131nd\u0131rmay\u0131 atlamay\u0131n. Neslihan Han\u0131m\u2019\u0131n \u00f6nerisine g\u00f6re yazd\u0131\u011f\u0131m\u0131z bu blog yaz\u0131s\u0131n\u0131 umar\u0131m sizde be\u011fenmi\u015fsinizdir. Sizin de incelememizi istedi\u011finiz bir konu varsa bize buradan ula\u015fabilirsiniz. Sevgilerimle, M<\/p>\n","protected":false},"author":2,"featured_media":3647,"comment_status":"closed","ping_status":"open","sticky":false,"template":"","format":"standard","meta":[],"categories":[42],"tags":[],"post_mailing_queue_ids":[],"_links":{"self":[{"href":"http:\/\/evinigiydir.com\/index.php\/wp-json\/wp\/v2\/posts\/3630"}],"collection":[{"href":"http:\/\/evinigiydir.com\/index.php\/wp-json\/wp\/v2\/posts"}],"about":[{"href":"http:\/\/evinigiydir.com\/index.php\/wp-json\/wp\/v2\/types\/post"}],"author":[{"embeddable":true,"href":"http:\/\/evinigiydir.com\/index.php\/wp-json\/wp\/v2\/users\/2"}],"replies":[{"embeddable":true,"href":"http:\/\/evinigiydir.com\/index.php\/wp-json\/wp\/v2\/comments?post=3630"}],"version-history":[{"count":1,"href":"http:\/\/evinigiydir.com\/index.php\/wp-json\/wp\/v2\/posts\/3630\/revisions"}],"predecessor-version":[{"id":3648,"href":"http:\/\/evinigiydir.com\/index.php\/wp-json\/wp\/v2\/posts\/3630\/revisions\/3648"}],"wp:featuredmedia":[{"embeddable":true,"href":"http:\/\/evinigiydir.com\/index.php\/wp-json\/wp\/v2\/media\/3647"}],"wp:attachment":[{"href":"http:\/\/evinigiydir.com\/index.php\/wp-json\/wp\/v2\/media?parent=3630"}],"wp:term":[{"taxonomy":"category","embeddable":true,"href":"http:\/\/evinigiydir.com\/index.php\/wp-json\/wp\/v2\/categories?post=3630"},{"taxonomy":"post_tag","embeddable":true,"href":"http:\/\/evinigiydir.com\/index.php\/wp-json\/wp\/v2\/tags?post=3630"}],"curies":[{"name":"wp","href":"https:\/\/api.w.org\/{rel}","templated":true}]}}