{"id":2186,"date":"2018-05-02T11:54:12","date_gmt":"2018-05-02T08:54:12","guid":{"rendered":"http:\/\/evinigiydir.com\/?p=2186"},"modified":"2021-10-09T17:03:40","modified_gmt":"2021-10-09T14:03:40","slug":"ilham-veren-renklerde-bu-hafta-3","status":"publish","type":"post","link":"http:\/\/evinigiydir.com\/index.php\/2018\/05\/02\/ilham-veren-renklerde-bu-hafta-3\/","title":{"rendered":"\u0130LHAM VEREN RENKLERDE BU HAFTA"},"content":{"rendered":"<p><img decoding=\"async\" loading=\"lazy\" class=\"alignnone wp-image-2188 size-full\" src=\"http:\/\/evinigiydir.com\/wp-content\/uploads\/2018\/05\/Evini-giydir_avakado-ye\u015fil.jpg\" alt=\"\" width=\"428\" height=\"626\" srcset=\"http:\/\/evinigiydir.com\/wp-content\/uploads\/2018\/05\/Evini-giydir_avakado-ye\u015fil.jpg 428w, http:\/\/evinigiydir.com\/wp-content\/uploads\/2018\/05\/Evini-giydir_avakado-ye\u015fil-205x300.jpg 205w\" sizes=\"(max-width: 428px) 100vw, 428px\" \/><\/p>\n<p>KAKT\u00dcS YE\u015e\u0130L, <a href=\"https:\/\/www.filliboya.com\/renklerimiz-detay\/su-bazli-ic-cephe-kartelalari.html\">F\u0130LL\u0130 BOYA, KAKT\u00dcS 90<\/a><\/p>\n<p>Bu tonda ye\u015filin ir a\u011f\u0131rl\u0131\u011f\u0131 oluyor, sadece yatak odalar\u0131 de\u011fil bence salon gibi ya\u015fam alanlar\u0131nda ah\u015fap ve pirin\u00e7 tonlarla \u00e7ok yak\u0131\u015fan bir renk. Gri renk ve renkli kuma\u015flarla s\u00fcper sonu\u00e7lar alabilece\u011finiz, etraf\u0131ndaki \u00fcr\u00fcnlerin g\u00fczelliklerini ortaya \u00e7\u0131karan bir renk.<\/p>\n<p><img decoding=\"async\" loading=\"lazy\" class=\"alignnone wp-image-2189 size-full\" src=\"http:\/\/evinigiydir.com\/wp-content\/uploads\/2018\/05\/Evini-giydir_k\u0131rm\u0131z\u0131.jpg\" alt=\"\" width=\"432\" height=\"592\" srcset=\"http:\/\/evinigiydir.com\/wp-content\/uploads\/2018\/05\/Evini-giydir_k\u0131rm\u0131z\u0131.jpg 432w, http:\/\/evinigiydir.com\/wp-content\/uploads\/2018\/05\/Evini-giydir_k\u0131rm\u0131z\u0131-219x300.jpg 219w\" sizes=\"(max-width: 432px) 100vw, 432px\" \/><\/p>\n<p>\u00c7\u0130NGENE KIRMIZI, <a href=\"https:\/\/www.filliboya.com\/renklerimiz-detay\/su-bazli-ic-cephe-kartelalari.html\">F\u0130LL\u0130 BOYA, KARNAVAL 95<\/a><\/p>\n<p>Gen\u00e7 k\u0131z odas\u0131 i\u00e7in canl\u0131 m\u0131 canl\u0131 bir pembe\/k\u0131rm\u0131z\u0131 tonuna m\u0131 ihtiyac\u0131n\u0131z var, \u0130\u015fte bu ton O! Kesinlikle cesur bir renk ve sadece \u00e7ocuk odalar\u0131 i\u00e7in de\u011fil, okuma ve \u00e7al\u0131\u015fma odalar\u0131 i\u00e7in, \u00f6zellikle k\u00fct\u00fcphane alanlar\u0131nda tam bir pop rengi. Dinamik alanlardan ve s\u00fcrprizlerden ho\u015flan\u0131yorsan\u0131z bu rengi k\u00fct\u00fcphanenizde denemenizi \u015fiddetle \u00f6neriyorum.<\/p>\n<p><img decoding=\"async\" loading=\"lazy\" class=\"alignnone wp-image-2190 size-full\" src=\"http:\/\/evinigiydir.com\/wp-content\/uploads\/2018\/05\/Evini-giydir_yavru-a\u011faz\u0131.jpg\" alt=\"\" width=\"428\" height=\"622\" srcset=\"http:\/\/evinigiydir.com\/wp-content\/uploads\/2018\/05\/Evini-giydir_yavru-a\u011faz\u0131.jpg 428w, http:\/\/evinigiydir.com\/wp-content\/uploads\/2018\/05\/Evini-giydir_yavru-a\u011faz\u0131-206x300.jpg 206w\" sizes=\"(max-width: 428px) 100vw, 428px\" \/><\/p>\n<p>YAVRUA\u011eZI, <a href=\"https:\/\/www.filliboya.com\/renklerimiz-detay\/su-bazli-ic-cephe-kartelalari.html\">F\u0130LL\u0130 BOYA, KORAL 175<\/a><\/p>\n<p>Ara renkleri \u00e7ok sevmesem de, bu ton beni benden ald\u0131. Mavi ile yaratt\u0131\u011f\u0131 uyum, i\u00e7indeki o mutlu his harika de\u011fil mi? \u00a0Mavi beyaz bir odan\u0131n i\u00e7inde mercan gibi duruyor. Bu sebeple banyo alanlar\u0131nda \u00e7ok pop\u00fcler olabilecek bir renk.<\/p>\n<p><img decoding=\"async\" loading=\"lazy\" class=\"alignnone wp-image-2187 size-full\" src=\"http:\/\/evinigiydir.com\/wp-content\/uploads\/2018\/05\/mavi.jpg\" alt=\"\" width=\"432\" height=\"700\" srcset=\"http:\/\/evinigiydir.com\/wp-content\/uploads\/2018\/05\/mavi.jpg 432w, http:\/\/evinigiydir.com\/wp-content\/uploads\/2018\/05\/mavi-185x300.jpg 185w\" sizes=\"(max-width: 432px) 100vw, 432px\" \/><\/p>\n<p>BUZ MAV\u0130S\u0130, <a href=\"https:\/\/www.filliboya.com\/renklerimiz-detay\/su-bazli-ic-cephe-kartelalari.html\">F\u0130LL\u0130 BOYA, KOZM\u0130K 1<\/a>5<\/p>\n<p>Bu tonu \u00e7ok sevmemizin nedeni, harika bir ge\u00e7i\u015f tonu olmas\u0131 oldu. Olu\u015fturmak istedi\u011finiz detay\u0131 sak\u0131n bir \u015fekilde g\u00f6z \u00f6n\u00fcne \u00e7\u0131karmak istiyorsan\u0131z do\u011fru tonu buldunuz demektir. \u00d6zellikle balkon alanlar\u0131nda ve bah\u00e7e duvarlar\u0131nda ye\u015filin g\u00fczelliklerini ortaya \u00e7\u0131kar\u0131rken, mavi g\u00f6kle sentezlenebilecek bir ton.<\/p>\n<p>Umar\u0131m yeni renklerimiz sizi heyecanland\u0131rabilmi\u015ftir. Yaz yakla\u015f\u0131rken, insan evini renklendirmek istiyor. \u015eimdiden sizlere harika bir hafta ve yaz diliyorum.<\/p>\n<p>Sevgilerimle,<\/p>\n<p>M<\/p>\n","protected":false},"excerpt":{"rendered":"<p>KAKT\u00dcS YE\u015e\u0130L, F\u0130LL\u0130 BOYA, KAKT\u00dcS 90 Bu tonda ye\u015filin ir a\u011f\u0131rl\u0131\u011f\u0131 oluyor, sadece yatak odalar\u0131 de\u011fil bence salon gibi ya\u015fam alanlar\u0131nda ah\u015fap ve pirin\u00e7 tonlarla \u00e7ok yak\u0131\u015fan bir renk. Gri renk ve renkli kuma\u015flarla s\u00fcper sonu\u00e7lar alabilece\u011finiz, etraf\u0131ndaki \u00fcr\u00fcnlerin g\u00fczelliklerini ortaya \u00e7\u0131karan bir renk. \u00c7\u0130NGENE KIRMIZI, F\u0130LL\u0130 BOYA, KARNAVAL 95 Gen\u00e7 k\u0131z odas\u0131 i\u00e7in canl\u0131 m\u0131 canl\u0131 bir pembe\/k\u0131rm\u0131z\u0131 tonuna m\u0131 ihtiyac\u0131n\u0131z var, \u0130\u015fte bu ton O! Kesinlikle cesur bir renk ve sadece \u00e7ocuk odalar\u0131 i\u00e7in de\u011fil, okuma ve \u00e7al\u0131\u015fma odalar\u0131 i\u00e7in, \u00f6zellikle k\u00fct\u00fcphane alanlar\u0131nda tam bir pop rengi. Dinamik alanlardan ve s\u00fcrprizlerden ho\u015flan\u0131yorsan\u0131z bu rengi k\u00fct\u00fcphanenizde denemenizi \u015fiddetle \u00f6neriyorum. YAVRUA\u011eZI, F\u0130LL\u0130 BOYA, KORAL 175 Ara renkleri \u00e7ok sevmesem de, bu ton beni benden ald\u0131. Mavi ile yaratt\u0131\u011f\u0131 uyum, i\u00e7indeki o mutlu his harika de\u011fil mi? \u00a0Mavi beyaz bir odan\u0131n i\u00e7inde mercan gibi duruyor. Bu sebeple banyo alanlar\u0131nda \u00e7ok pop\u00fcler olabilecek bir renk. BUZ MAV\u0130S\u0130, F\u0130LL\u0130 BOYA, KOZM\u0130K 15 Bu tonu \u00e7ok sevmemizin nedeni, harika bir ge\u00e7i\u015f tonu olmas\u0131 oldu. Olu\u015fturmak istedi\u011finiz detay\u0131 sak\u0131n bir \u015fekilde g\u00f6z \u00f6n\u00fcne \u00e7\u0131karmak istiyorsan\u0131z do\u011fru tonu buldunuz demektir. \u00d6zellikle balkon alanlar\u0131nda ve bah\u00e7e duvarlar\u0131nda ye\u015filin g\u00fczelliklerini ortaya \u00e7\u0131kar\u0131rken, mavi g\u00f6kle sentezlenebilecek bir ton. Umar\u0131m yeni renklerimiz sizi heyecanland\u0131rabilmi\u015ftir. Yaz yakla\u015f\u0131rken, insan evini renklendirmek istiyor. \u015eimdiden sizlere harika bir hafta ve yaz diliyorum. Sevgilerimle, M<\/p>\n","protected":false},"author":2,"featured_media":2190,"comment_status":"closed","ping_status":"open","sticky":false,"template":"","format":"standard","meta":[],"categories":[1],"tags":[],"post_mailing_queue_ids":[],"_links":{"self":[{"href":"http:\/\/evinigiydir.com\/index.php\/wp-json\/wp\/v2\/posts\/2186"}],"collection":[{"href":"http:\/\/evinigiydir.com\/index.php\/wp-json\/wp\/v2\/posts"}],"about":[{"href":"http:\/\/evinigiydir.com\/index.php\/wp-json\/wp\/v2\/types\/post"}],"author":[{"embeddable":true,"href":"http:\/\/evinigiydir.com\/index.php\/wp-json\/wp\/v2\/users\/2"}],"replies":[{"embeddable":true,"href":"http:\/\/evinigiydir.com\/index.php\/wp-json\/wp\/v2\/comments?post=2186"}],"version-history":[{"count":2,"href":"http:\/\/evinigiydir.com\/index.php\/wp-json\/wp\/v2\/posts\/2186\/revisions"}],"predecessor-version":[{"id":2192,"href":"http:\/\/evinigiydir.com\/index.php\/wp-json\/wp\/v2\/posts\/2186\/revisions\/2192"}],"wp:featuredmedia":[{"embeddable":true,"href":"http:\/\/evinigiydir.com\/index.php\/wp-json\/wp\/v2\/media\/2190"}],"wp:attachment":[{"href":"http:\/\/evinigiydir.com\/index.php\/wp-json\/wp\/v2\/media?parent=2186"}],"wp:term":[{"taxonomy":"category","embeddable":true,"href":"http:\/\/evinigiydir.com\/index.php\/wp-json\/wp\/v2\/categories?post=2186"},{"taxonomy":"post_tag","embeddable":true,"href":"http:\/\/evinigiydir.com\/index.php\/wp-json\/wp\/v2\/tags?post=2186"}],"curies":[{"name":"wp","href":"https:\/\/api.w.org\/{rel}","templated":true}]}}