{"id":2117,"date":"2018-03-01T18:24:13","date_gmt":"2018-03-01T16:24:13","guid":{"rendered":"http:\/\/evinigiydir.com\/?p=2117"},"modified":"2021-10-09T17:03:40","modified_gmt":"2021-10-09T14:03:40","slug":"karamel-mavi-dingin-ve-derin-mekanlar-icin","status":"publish","type":"post","link":"http:\/\/evinigiydir.com\/index.php\/2018\/03\/01\/karamel-mavi-dingin-ve-derin-mekanlar-icin\/","title":{"rendered":"KARAMEL &#038; MAV\u0130, D\u0130NG\u0130N ve DER\u0130N MEKANLAR \u0130\u00c7\u0130N"},"content":{"rendered":"<p>2018\u2019in en yeni ve en keyifli dekorasyon trendlerinden biri mavi ve karamel renklerinin m\u00fcthi\u015f uyumu. \u00a0Do\u011fal ah\u015fap tonlar\u0131ndan tutun, taba rengi derilere kadar bir\u00e7ok karamel tonunu evlerimize sokman\u0131n tam zaman\u0131. \u00dcstelik bu do\u011fal ve dingin tonu, derin bir mavi ve lacivert tonu ile birlikte kulland\u0131\u011f\u0131n\u0131zda m\u00fcthi\u015f zengin ortamlar olu\u015fturmak m\u00fcmk\u00fcn.<\/p>\n<p><img decoding=\"async\" loading=\"lazy\" class=\"alignnone wp-image-2124 size-large\" src=\"http:\/\/evinigiydir.com\/wp-content\/uploads\/2018\/03\/Evini-Giydir_Dekorasyon-Karamel-Mavi-1024x787.jpg\" alt=\"\" width=\"1024\" height=\"787\" srcset=\"http:\/\/evinigiydir.com\/wp-content\/uploads\/2018\/03\/Evini-Giydir_Dekorasyon-Karamel-Mavi-1024x787.jpg 1024w, http:\/\/evinigiydir.com\/wp-content\/uploads\/2018\/03\/Evini-Giydir_Dekorasyon-Karamel-Mavi-600x461.jpg 600w, http:\/\/evinigiydir.com\/wp-content\/uploads\/2018\/03\/Evini-Giydir_Dekorasyon-Karamel-Mavi-300x230.jpg 300w, http:\/\/evinigiydir.com\/wp-content\/uploads\/2018\/03\/Evini-Giydir_Dekorasyon-Karamel-Mavi-768x590.jpg 768w\" sizes=\"(max-width: 1024px) 100vw, 1024px\" \/><\/p>\n<p>Son zamanlarda, duydu\u011fumuz \u00fcz\u00fcnt\u00fcl\u00fc haberler ve genel olumsuzluklardan \u00f6t\u00fcr\u00fc can\u0131m, ne yaz\u0131 yazmak ne de bir \u015feyler okumak istedi. Kendi kozamdan \u00e7\u0131k\u0131nca, g\u00f6rd\u00fc\u011f\u00fcm mavi ve karamel detaylar beni hem heyecanland\u0131rd\u0131 hem de yazmak i\u00e7in motive etti. Durum b\u00f6yle olunca, bu \u00e7\u0131lg\u0131n iki tonla neler yapabilece\u011finizi sizinle payla\u015fmak istedim.<\/p>\n<p><img decoding=\"async\" loading=\"lazy\" class=\"alignnone wp-image-2120\" src=\"http:\/\/evinigiydir.com\/wp-content\/uploads\/2018\/03\/Evini-Giydir_Dekorasyon-3-244x300.jpg\" alt=\"\" width=\"334\" height=\"411\" srcset=\"http:\/\/evinigiydir.com\/wp-content\/uploads\/2018\/03\/Evini-Giydir_Dekorasyon-3-244x300.jpg 244w, http:\/\/evinigiydir.com\/wp-content\/uploads\/2018\/03\/Evini-Giydir_Dekorasyon-3.jpg 426w\" sizes=\"(max-width: 334px) 100vw, 334px\" \/><\/p>\n<p><img decoding=\"async\" loading=\"lazy\" class=\"alignnone wp-image-2123\" src=\"http:\/\/evinigiydir.com\/wp-content\/uploads\/2018\/03\/Evini-Giydir_Dekorasyon-6-246x300.jpg\" alt=\"\" width=\"335\" height=\"409\" srcset=\"http:\/\/evinigiydir.com\/wp-content\/uploads\/2018\/03\/Evini-Giydir_Dekorasyon-6-246x300.jpg 246w, http:\/\/evinigiydir.com\/wp-content\/uploads\/2018\/03\/Evini-Giydir_Dekorasyon-6.jpg 564w\" sizes=\"(max-width: 335px) 100vw, 335px\" \/><\/p>\n<p>Karamel tonlar\u0131n\u0131n en iyi yan\u0131, do\u011fada bizi k\u00f6klenmi\u015f hissettiren ya\u015fam dokular\u0131n\u0131 an\u0131msat\u0131yor. Bu sebeple bu renk tonu sizi daha k\u00f6klenmi\u015f ve dayan\u0131kl\u0131 hissettirecek. Me\u015fe tonlar\u0131, taba rengi kuma\u015f ve deriler hep bu s\u0131n\u0131fa girebilir. \u00d6zellikle taba rengi kanepeler elegant bir detay olu\u015fturmak isteyenlerin radar\u0131nda olmal\u0131. \u00a0\u0130\u015fte bu k\u00f6k rengi, denizin derin mavisi ile birle\u015ftirdi\u011finizde ortaya muhte\u015fem bir uyum \u00e7\u0131k\u0131yor. K\u00f6klenmi\u015f ama bir o kadarda esnek ve hareketli bir karakter yaratmak istiyorsan\u0131z, i\u015fte bu detaylar tam size g\u00f6re.<\/p>\n<p><img decoding=\"async\" loading=\"lazy\" class=\"alignnone wp-image-2118 \" src=\"http:\/\/evinigiydir.com\/wp-content\/uploads\/2018\/03\/Evini-Giydir_Dekorasyon.jpg\" alt=\"\" width=\"434\" height=\"560\" srcset=\"http:\/\/evinigiydir.com\/wp-content\/uploads\/2018\/03\/Evini-Giydir_Dekorasyon.jpg 330w, http:\/\/evinigiydir.com\/wp-content\/uploads\/2018\/03\/Evini-Giydir_Dekorasyon-232x300.jpg 232w\" sizes=\"(max-width: 434px) 100vw, 434px\" \/><\/p>\n<p><img decoding=\"async\" loading=\"lazy\" class=\"alignnone wp-image-2122 \" src=\"http:\/\/evinigiydir.com\/wp-content\/uploads\/2018\/03\/Evini-Giydir_Dekorasyon-5.jpg\" alt=\"\" width=\"435\" height=\"663\" srcset=\"http:\/\/evinigiydir.com\/wp-content\/uploads\/2018\/03\/Evini-Giydir_Dekorasyon-5.jpg 564w, http:\/\/evinigiydir.com\/wp-content\/uploads\/2018\/03\/Evini-Giydir_Dekorasyon-5-197x300.jpg 197w\" sizes=\"(max-width: 435px) 100vw, 435px\" \/><\/p>\n<p><img decoding=\"async\" loading=\"lazy\" class=\"alignnone wp-image-2119\" src=\"http:\/\/evinigiydir.com\/wp-content\/uploads\/2018\/03\/Evini-Giydir_Dekorasyon-2-251x300.jpg\" alt=\"\" width=\"435\" height=\"519\" \/><\/p>\n<p><img decoding=\"async\" loading=\"lazy\" class=\"alignnone wp-image-2121 \" src=\"http:\/\/evinigiydir.com\/wp-content\/uploads\/2018\/03\/Evini-Giydir_Dekorasyon-4.jpg\" alt=\"\" width=\"436\" height=\"694\" srcset=\"http:\/\/evinigiydir.com\/wp-content\/uploads\/2018\/03\/Evini-Giydir_Dekorasyon-4.jpg 564w, http:\/\/evinigiydir.com\/wp-content\/uploads\/2018\/03\/Evini-Giydir_Dekorasyon-4-188x300.jpg 188w\" sizes=\"(max-width: 436px) 100vw, 436px\" \/><\/p>\n<p>&nbsp;<\/p>\n<p>Bahar\u0131n ilk g\u00fcn\u00fcnde bu renkleri d\u00fc\u015f\u00fcnmek ve yazmak bana \u00e7ok iyi geldi. Umar\u0131m sizin de keyfinizi art\u0131rabilmi\u015ftir. \u00a0Haftan\u0131n geri kalan\u0131n\u0131n musmutlu ge\u00e7mesini diliyorum.<\/p>\n<p>Sevgilerimle,<\/p>\n<p>Merve<\/p>\n","protected":false},"excerpt":{"rendered":"<p>2018\u2019in en yeni ve en keyifli dekorasyon trendlerinden biri mavi ve karamel renklerinin m\u00fcthi\u015f uyumu. \u00a0Do\u011fal ah\u015fap tonlar\u0131ndan tutun, taba rengi derilere kadar bir\u00e7ok karamel tonunu evlerimize sokman\u0131n tam zaman\u0131. \u00dcstelik bu do\u011fal ve dingin tonu, derin bir mavi ve lacivert tonu ile birlikte kulland\u0131\u011f\u0131n\u0131zda m\u00fcthi\u015f zengin ortamlar olu\u015fturmak m\u00fcmk\u00fcn. Son zamanlarda, duydu\u011fumuz \u00fcz\u00fcnt\u00fcl\u00fc haberler ve genel olumsuzluklardan \u00f6t\u00fcr\u00fc can\u0131m, ne yaz\u0131 yazmak ne de bir \u015feyler okumak istedi. Kendi kozamdan \u00e7\u0131k\u0131nca, g\u00f6rd\u00fc\u011f\u00fcm mavi ve karamel detaylar beni hem heyecanland\u0131rd\u0131 hem de yazmak i\u00e7in motive etti. Durum b\u00f6yle olunca, bu \u00e7\u0131lg\u0131n iki tonla neler yapabilece\u011finizi sizinle payla\u015fmak istedim. Karamel tonlar\u0131n\u0131n en iyi yan\u0131, do\u011fada bizi k\u00f6klenmi\u015f hissettiren ya\u015fam dokular\u0131n\u0131 an\u0131msat\u0131yor. Bu sebeple bu renk tonu sizi daha k\u00f6klenmi\u015f ve dayan\u0131kl\u0131 hissettirecek. Me\u015fe tonlar\u0131, taba rengi kuma\u015f ve deriler hep bu s\u0131n\u0131fa girebilir. \u00d6zellikle taba rengi kanepeler elegant bir detay olu\u015fturmak isteyenlerin radar\u0131nda olmal\u0131. \u00a0\u0130\u015fte bu k\u00f6k rengi, denizin derin mavisi ile birle\u015ftirdi\u011finizde ortaya muhte\u015fem bir uyum \u00e7\u0131k\u0131yor. K\u00f6klenmi\u015f ama bir o kadarda esnek ve hareketli bir karakter yaratmak istiyorsan\u0131z, i\u015fte bu detaylar tam size g\u00f6re. &nbsp; Bahar\u0131n ilk g\u00fcn\u00fcnde bu renkleri d\u00fc\u015f\u00fcnmek ve yazmak bana \u00e7ok iyi geldi. Umar\u0131m sizin de keyfinizi art\u0131rabilmi\u015ftir. \u00a0Haftan\u0131n geri kalan\u0131n\u0131n musmutlu ge\u00e7mesini diliyorum. Sevgilerimle, Merve<\/p>\n","protected":false},"author":2,"featured_media":2124,"comment_status":"closed","ping_status":"open","sticky":false,"template":"","format":"standard","meta":[],"categories":[1],"tags":[],"post_mailing_queue_ids":[],"_links":{"self":[{"href":"http:\/\/evinigiydir.com\/index.php\/wp-json\/wp\/v2\/posts\/2117"}],"collection":[{"href":"http:\/\/evinigiydir.com\/index.php\/wp-json\/wp\/v2\/posts"}],"about":[{"href":"http:\/\/evinigiydir.com\/index.php\/wp-json\/wp\/v2\/types\/post"}],"author":[{"embeddable":true,"href":"http:\/\/evinigiydir.com\/index.php\/wp-json\/wp\/v2\/users\/2"}],"replies":[{"embeddable":true,"href":"http:\/\/evinigiydir.com\/index.php\/wp-json\/wp\/v2\/comments?post=2117"}],"version-history":[{"count":1,"href":"http:\/\/evinigiydir.com\/index.php\/wp-json\/wp\/v2\/posts\/2117\/revisions"}],"predecessor-version":[{"id":2125,"href":"http:\/\/evinigiydir.com\/index.php\/wp-json\/wp\/v2\/posts\/2117\/revisions\/2125"}],"wp:featuredmedia":[{"embeddable":true,"href":"http:\/\/evinigiydir.com\/index.php\/wp-json\/wp\/v2\/media\/2124"}],"wp:attachment":[{"href":"http:\/\/evinigiydir.com\/index.php\/wp-json\/wp\/v2\/media?parent=2117"}],"wp:term":[{"taxonomy":"category","embeddable":true,"href":"http:\/\/evinigiydir.com\/index.php\/wp-json\/wp\/v2\/categories?post=2117"},{"taxonomy":"post_tag","embeddable":true,"href":"http:\/\/evinigiydir.com\/index.php\/wp-json\/wp\/v2\/tags?post=2117"}],"curies":[{"name":"wp","href":"https:\/\/api.w.org\/{rel}","templated":true}]}}